{"id":16916,"date":"2021-07-29T12:14:11","date_gmt":"2021-07-29T17:14:11","guid":{"rendered":"https:\/\/encuentroinformativo.com.mx\/?p=16916"},"modified":"2021-07-29T12:14:15","modified_gmt":"2021-07-29T17:14:15","slug":"vecinos-de-las-animas-rechazan-apertura-de-negocios","status":"publish","type":"post","link":"https:\/\/encuentroinformativo.com.mx\/?p=16916","title":{"rendered":"Vecinos de Las \u00c1nimas rechazan apertura de negocios"},"content":{"rendered":"\n<p><strong>Juan Arcos<\/strong><\/p>\n\n\n\n<p>Xalapa, Ver.- Vecinos de los fraccionamientos Jardines de las \u00c1nimas y Fuentes de las \u00c1nimas se manifestaron en rechazo a la construcci\u00f3n de locales comerciales sobre la avenida Paseo de las Araucarias.<\/p>\n\n\n\n<p>Los quejosos colocaron lonas desde hace dos meses sobre dicha arteria vehicular, donde externaron su inconformidad ante la posibilidad de la apertura de negocios, oficinas, departamentos y escuelas en la zona.<\/p>\n\n\n\n<p>\u201cEn los fraccionamientos Jardines y Fuentes de las \u00c1nimas el uso de suelo es habitacional y de baja densidad por lo que nos oponemos a la instalaci\u00f3n de negocios, oficinas, escuelas y departamentos\u201d, se lee en los mensajes.<\/p>\n\n\n\n<p>De acuerdo con la profesora Alma G\u00e1mez, vecina de la zona, decenas de personas se oponen a la construcci\u00f3n de dichos negocios, debido a que podr\u00edan agudizarse los problemas viales y se atentar\u00eda contra la tranquilidad de las familias.<\/p>\n\n\n\n<p>\u201cEstamos en contra de que se establezcan negocios aqu\u00ed en la zona, el uso de suelo es habitacional, residencial y de baja densidad. Sabemos que eso nos traer\u00eda problemas a futuro, de por s\u00ed tenemos ya problemas con tanto tr\u00e1fico y ahora con esto un poco m\u00e1s\u201d, expres\u00f3.<\/p>\n\n\n\n<p>Se trata de una de las zonas de mayor plusval\u00eda en la capital del estado, donde los pobladores tambi\u00e9n han recabado firmas en rechazo a dicha situaci\u00f3n.<\/p>\n\n\n\n<p>Las personas tambi\u00e9n est\u00e1n en contra de la apertura de bares y cantinas cerca de sus viviendas, debido al ruido y a todos los problemas que \u00e9stos generan.<\/p>\n\n\n\n<p>\u201cLos vecinos son los que se organizaron, pero s\u00ed es un sentir de todos. Cuando ha habido la necesidad de recolectar firmas, la gente firma, porque no estamos de acuerdo con un cambio total, de pronto tener cantinas a altas horas de la noche, a veces en la madrugada pasan por aqu\u00ed borrachos\u201d.<\/p>\n\n\n\n<p>Cabe mencionar que otros vecinos de la avenida Paseo de las Araucarias se opusieron a la colocaci\u00f3n de las lonas, al considerar que durante esta pandemia del SARS-COV-2 (COVID-19) la econom\u00eda familiar result\u00f3 severamente afectada y las personas se han visto en la necesidad de abrir negocios y buscar nuevas fuentes de ingreso.<\/p>\n\n\n\n<figure class=\"wp-block-image size-large\"><img loading=\"lazy\" decoding=\"async\" width=\"1024\" height=\"768\" src=\"https:\/\/encuentroinformativo.com.mx\/wp-content\/uploads\/2021\/07\/E8F21E3E-57A9-4A72-8EC8-6107E3B23B0B-1024x768.jpeg\" alt=\"\" class=\"wp-image-16918\" srcset=\"https:\/\/encuentroinformativo.com.mx\/wp-content\/uploads\/2021\/07\/E8F21E3E-57A9-4A72-8EC8-6107E3B23B0B-1024x768.jpeg 1024w, https:\/\/encuentroinformativo.com.mx\/wp-content\/uploads\/2021\/07\/E8F21E3E-57A9-4A72-8EC8-6107E3B23B0B-300x225.jpeg 300w, https:\/\/encuentroinformativo.com.mx\/wp-content\/uploads\/2021\/07\/E8F21E3E-57A9-4A72-8EC8-6107E3B23B0B-768x576.jpeg 768w, https:\/\/encuentroinformativo.com.mx\/wp-content\/uploads\/2021\/07\/E8F21E3E-57A9-4A72-8EC8-6107E3B23B0B-1536x1152.jpeg 1536w, https:\/\/encuentroinformativo.com.mx\/wp-content\/uploads\/2021\/07\/E8F21E3E-57A9-4A72-8EC8-6107E3B23B0B.jpeg 1600w\" sizes=\"auto, (max-width: 1024px) 100vw, 1024px\" \/><\/figure>\n\n\n\n<figure class=\"wp-block-image size-large\"><img loading=\"lazy\" decoding=\"async\" width=\"1024\" height=\"768\" src=\"https:\/\/encuentroinformativo.com.mx\/wp-content\/uploads\/2021\/07\/F53F0305-CEB4-4998-B148-D0CF414164C3-1024x768.jpeg\" alt=\"\" class=\"wp-image-16919\" srcset=\"https:\/\/encuentroinformativo.com.mx\/wp-content\/uploads\/2021\/07\/F53F0305-CEB4-4998-B148-D0CF414164C3-1024x768.jpeg 1024w, https:\/\/encuentroinformativo.com.mx\/wp-content\/uploads\/2021\/07\/F53F0305-CEB4-4998-B148-D0CF414164C3-300x225.jpeg 300w, https:\/\/encuentroinformativo.com.mx\/wp-content\/uploads\/2021\/07\/F53F0305-CEB4-4998-B148-D0CF414164C3-768x576.jpeg 768w, https:\/\/encuentroinformativo.com.mx\/wp-content\/uploads\/2021\/07\/F53F0305-CEB4-4998-B148-D0CF414164C3-1536x1152.jpeg 1536w, https:\/\/encuentroinformativo.com.mx\/wp-content\/uploads\/2021\/07\/F53F0305-CEB4-4998-B148-D0CF414164C3.jpeg 1600w\" sizes=\"auto, (max-width: 1024px) 100vw, 1024px\" \/><\/figure>\n","protected":false},"excerpt":{"rendered":"<p>Juan Arcos Xalapa, Ver.- Vecinos de los fraccionamientos Jardines de las \u00c1nimas y Fuentes de las \u00c1nimas se manifestaron en rechazo a la construcci\u00f3n de locales comerciales sobre la avenida Paseo de las Araucarias. Los quejosos colocaron lonas desde hace dos meses sobre dicha arteria vehicular, donde externaron su inconformidad ante la posibilidad de la [&hellip;]<\/p>\n","protected":false},"author":1,"featured_media":16917,"comment_status":"open","ping_status":"open","sticky":false,"template":"","format":"standard","meta":{"_jetpack_memberships_contains_paid_content":false,"footnotes":""},"categories":[3],"tags":[],"class_list":["post-16916","post","type-post","status-publish","format-standard","has-post-thumbnail","hentry","category-xalapa"],"jetpack_featured_media_url":"https:\/\/encuentroinformativo.com.mx\/wp-content\/uploads\/2021\/07\/DDDBEDA7-C905-4E70-BEA2-C416D7DC9647.jpeg","jetpack_sharing_enabled":true,"jetpack_likes_enabled":true,"amp_enabled":true,"_links":{"self":[{"href":"https:\/\/encuentroinformativo.com.mx\/index.php?rest_route=\/wp\/v2\/posts\/16916","targetHints":{"allow":["GET"]}}],"collection":[{"href":"https:\/\/encuentroinformativo.com.mx\/index.php?rest_route=\/wp\/v2\/posts"}],"about":[{"href":"https:\/\/encuentroinformativo.com.mx\/index.php?rest_route=\/wp\/v2\/types\/post"}],"author":[{"embeddable":true,"href":"https:\/\/encuentroinformativo.com.mx\/index.php?rest_route=\/wp\/v2\/users\/1"}],"replies":[{"embeddable":true,"href":"https:\/\/encuentroinformativo.com.mx\/index.php?rest_route=%2Fwp%2Fv2%2Fcomments&post=16916"}],"version-history":[{"count":1,"href":"https:\/\/encuentroinformativo.com.mx\/index.php?rest_route=\/wp\/v2\/posts\/16916\/revisions"}],"predecessor-version":[{"id":16920,"href":"https:\/\/encuentroinformativo.com.mx\/index.php?rest_route=\/wp\/v2\/posts\/16916\/revisions\/16920"}],"wp:featuredmedia":[{"embeddable":true,"href":"https:\/\/encuentroinformativo.com.mx\/index.php?rest_route=\/wp\/v2\/media\/16917"}],"wp:attachment":[{"href":"https:\/\/encuentroinformativo.com.mx\/index.php?rest_route=%2Fwp%2Fv2%2Fmedia&parent=16916"}],"wp:term":[{"taxonomy":"category","embeddable":true,"href":"https:\/\/encuentroinformativo.com.mx\/index.php?rest_route=%2Fwp%2Fv2%2Fcategories&post=16916"},{"taxonomy":"post_tag","embeddable":true,"href":"https:\/\/encuentroinformativo.com.mx\/index.php?rest_route=%2Fwp%2Fv2%2Ftags&post=16916"}],"curies":[{"name":"wp","href":"https:\/\/api.w.org\/{rel}","templated":true}]}}