{"id":16921,"date":"2021-07-29T13:12:04","date_gmt":"2021-07-29T18:12:04","guid":{"rendered":"https:\/\/encuentroinformativo.com.mx\/?p=16921"},"modified":"2021-07-29T13:12:08","modified_gmt":"2021-07-29T18:12:08","slug":"se-revisara-caso-cecytev-amlo","status":"publish","type":"post","link":"https:\/\/encuentroinformativo.com.mx\/?p=16921","title":{"rendered":"Se revisar\u00e1 caso Cecytev: AMLO"},"content":{"rendered":"\n<p><strong>Dar\u00edo Pale<\/strong><\/p>\n\n\n\n<p>Xalapa, Ver.- Se har\u00e1 una revisi\u00f3n a la situaci\u00f3n de los trabajadores despedidos de manera injustificada del Centro de Estudios Cient\u00edficos y Tecnol\u00f3gicos de Veracruz (Cecytev), as\u00ed lo inform\u00f3 durante la conferencia ma\u00f1anera el presidente de la Rep\u00fablica, Andr\u00e9s Manuel L\u00f3pez Obrador.<\/p>\n\n\n\n<p>Al ser cuestionado sobre este tema el Presidente respondi\u00f3 diversos cuestionamientos respecto de los docentes de Veracruz, en particular sobre los que fueron despedidos por oponerse a la reforma educativa y que a\u00fan hoy hay funcionarios de pasadas administraciones, incluso de Emilio Chuayffet y Aurelio Nu\u00f1o, entre otros que estaban a favor de la Reforma y que despidieron a muchos maestros.<\/p>\n\n\n\n<p>&#8220;Sobre los servidores p\u00fablicos tambi\u00e9n se va a haber una revisi\u00f3n, ya no es la Secretar\u00eda de Educaci\u00f3n P\u00fablica de otros tiempos, con otros funcionarios, es una maestra honesta (Delfina G\u00f3mez), eso no hab\u00eda sucedido en mucho tiempo, pero de todas maneras vamos a hacer la revisi\u00f3n de qui\u00e9nes permanecen ah\u00ed y que hayan actuado mal, que tengan malos antecedentes&#8221;, se\u00f1al\u00f3.<\/p>\n\n\n\n<p>L\u00f3pez Obrador coment\u00f3 que su gobierno est\u00e1 buscando que haya verdaderos servidores p\u00fablicos que trabajen en el Gobierno, por lo que sostuvo que la mayor\u00eda de los docentes despedidos por oponerse a la reforma educativa, ya fueron reinstalados.<\/p>\n\n\n\n<p>&#8220;Lo puedo probar, quedaron como estos casos, pero la mayor\u00eda&#8230; porque yo tuve como diez reuniones que encabec\u00e9 con los dirigentes de la CNTE para tratar este asunto y estuve pendiente de que se le reinstalara a todos los maestros para cumplir con nuestro compromiso&#8221;, inform\u00f3.<\/p>\n\n\n\n<p>Asimismo, afirm\u00f3 que se consider\u00f3 la reparaci\u00f3n del da\u00f1o que se les caus\u00f3 por la imposici\u00f3n de la reforma educativa, pero reiter\u00f3 que se revisar\u00edan los casos en los que no han sido reinstalados.<\/p>\n\n\n\n<p>De manera que si se trat\u00f3 de una injusticia, si se les despidi\u00f3 por oponerse a la &#8220;mal llamada reforma educativa&#8221;, ser\u00e1n reinstalados, de igual forma sobre la falta de apoyo de una profesora que tiene c\u00e1ncer, asegur\u00f3 que se buscar\u00e1 apoyarla.<\/p>\n\n\n\n<p>Finalmente cabe se\u00f1alar que apenas este este mi\u00e9rcoles algunos de los docentes despedidos informaron que el director Daniel Baizabal contin\u00faa haciendo despidos, de febrero a la fecha corri\u00f3 a m\u00e1s de 70 y en mayo, en un solo d\u00eda, dej\u00f3 sin empleo a 9 m\u00e1s, por lo que pidieron la intervenci\u00f3n del Gobernador y del secretario de Educaci\u00f3n.<\/p>\n","protected":false},"excerpt":{"rendered":"<p>Dar\u00edo Pale Xalapa, Ver.- Se har\u00e1 una revisi\u00f3n a la situaci\u00f3n de los trabajadores despedidos de manera injustificada del Centro de Estudios Cient\u00edficos y Tecnol\u00f3gicos de Veracruz (Cecytev), as\u00ed lo inform\u00f3 durante la conferencia ma\u00f1anera el presidente de la Rep\u00fablica, Andr\u00e9s Manuel L\u00f3pez Obrador. Al ser cuestionado sobre este tema el Presidente respondi\u00f3 diversos cuestionamientos [&hellip;]<\/p>\n","protected":false},"author":1,"featured_media":16922,"comment_status":"open","ping_status":"open","sticky":false,"template":"","format":"standard","meta":{"_jetpack_memberships_contains_paid_content":false,"footnotes":""},"categories":[2],"tags":[],"class_list":["post-16921","post","type-post","status-publish","format-standard","has-post-thumbnail","hentry","category-estado"],"jetpack_featured_media_url":"https:\/\/encuentroinformativo.com.mx\/wp-content\/uploads\/2021\/07\/A930F8DA-8281-4DB7-81D8-54293191EE92.jpeg","jetpack_sharing_enabled":true,"jetpack_likes_enabled":true,"amp_enabled":true,"_links":{"self":[{"href":"https:\/\/encuentroinformativo.com.mx\/index.php?rest_route=\/wp\/v2\/posts\/16921","targetHints":{"allow":["GET"]}}],"collection":[{"href":"https:\/\/encuentroinformativo.com.mx\/index.php?rest_route=\/wp\/v2\/posts"}],"about":[{"href":"https:\/\/encuentroinformativo.com.mx\/index.php?rest_route=\/wp\/v2\/types\/post"}],"author":[{"embeddable":true,"href":"https:\/\/encuentroinformativo.com.mx\/index.php?rest_route=\/wp\/v2\/users\/1"}],"replies":[{"embeddable":true,"href":"https:\/\/encuentroinformativo.com.mx\/index.php?rest_route=%2Fwp%2Fv2%2Fcomments&post=16921"}],"version-history":[{"count":1,"href":"https:\/\/encuentroinformativo.com.mx\/index.php?rest_route=\/wp\/v2\/posts\/16921\/revisions"}],"predecessor-version":[{"id":16923,"href":"https:\/\/encuentroinformativo.com.mx\/index.php?rest_route=\/wp\/v2\/posts\/16921\/revisions\/16923"}],"wp:featuredmedia":[{"embeddable":true,"href":"https:\/\/encuentroinformativo.com.mx\/index.php?rest_route=\/wp\/v2\/media\/16922"}],"wp:attachment":[{"href":"https:\/\/encuentroinformativo.com.mx\/index.php?rest_route=%2Fwp%2Fv2%2Fmedia&parent=16921"}],"wp:term":[{"taxonomy":"category","embeddable":true,"href":"https:\/\/encuentroinformativo.com.mx\/index.php?rest_route=%2Fwp%2Fv2%2Fcategories&post=16921"},{"taxonomy":"post_tag","embeddable":true,"href":"https:\/\/encuentroinformativo.com.mx\/index.php?rest_route=%2Fwp%2Fv2%2Ftags&post=16921"}],"curies":[{"name":"wp","href":"https:\/\/api.w.org\/{rel}","templated":true}]}}