{"id":16930,"date":"2021-07-29T14:11:09","date_gmt":"2021-07-29T19:11:09","guid":{"rendered":"https:\/\/encuentroinformativo.com.mx\/?p=16930"},"modified":"2021-07-29T14:11:13","modified_gmt":"2021-07-29T19:11:13","slug":"por-consulta-popular-se-aplicara-ley-seca","status":"publish","type":"post","link":"https:\/\/encuentroinformativo.com.mx\/?p=16930","title":{"rendered":"Por consulta popular, se aplicar\u00e1 Ley Seca"},"content":{"rendered":"\n<p><strong>Dar\u00edo Pale<\/strong><\/p>\n\n\n\n<p>Xalapa, Ver.- A partir de este viernes 30 de julio entra en vigor un nuevo decreto por el que se exhorta a limitar la venta de bebidas alcoh\u00f3licas, con motivo de la consulta popular para enjuiciar a los expresidentes, as\u00ed lo dio a conocer el gobernador Cuitl\u00e1huac Garc\u00eda Jim\u00e9nez.<\/p>\n\n\n\n<p>En conferencia de prensa realizada en la sala de Banderas de palacio de gobierno inform\u00f3 que, &#8220;esta es una petici\u00f3n que nos hace el INE dentro de nuestra competencia con motivo de la consulta popular, tambi\u00e9n el INE nos hizo una petici\u00f3n de Seguridad P\u00fablica para que estemos atentos y se d\u00e9 cobertura&#8221;.<\/p>\n\n\n\n<p>Dio a conocer que a la reuni\u00f3n de la Coordinaci\u00f3n para la Construcci\u00f3n de la Paz asisti\u00f3 el representante del Instituto Nacional Electoral, Josu\u00e9 Cervantes, para plantear el esquema que ellos tienen.<\/p>\n\n\n\n<p>El Gobernador coment\u00f3 que a trav\u00e9s del decreto, se ordena el cierre temporal de establecimientos cuyo giro principal sea la venta de bebidas embriagantes, por lo que el documento define la prohibici\u00f3n de la venta de bebidas alcoh\u00f3licas durante los d\u00edas 31 de julio y 1 de agosto.<\/p>\n\n\n\n<p>El decreto exhorta a limitar la venta de bebidas embriagantes el 31 de julio de las\u00a000:00 horas al 1 de agosto de 2021 hasta las 23:59 horas.<\/p>\n\n\n\n<p>Finalmente en este tema se\u00f1al\u00f3 que &#8220;En el decreto, estamos exhortando a que el viernes se l\u00edmite, esto es para que no se exceda en la compra y venta de bebidas alcoh\u00f3licas porque a las 12 de la noche del viernes entra en vigencia la prohibici\u00f3n de venta de bebidas alcoh\u00f3licas y el cierre temporal de lugares exclusivos de venta de bebidas alcoh\u00f3licas&#8221;.<\/p>\n","protected":false},"excerpt":{"rendered":"<p>Dar\u00edo Pale Xalapa, Ver.- A partir de este viernes 30 de julio entra en vigor un nuevo decreto por el que se exhorta a limitar la venta de bebidas alcoh\u00f3licas, con motivo de la consulta popular para enjuiciar a los expresidentes, as\u00ed lo dio a conocer el gobernador Cuitl\u00e1huac Garc\u00eda Jim\u00e9nez. En conferencia de prensa [&hellip;]<\/p>\n","protected":false},"author":1,"featured_media":2152,"comment_status":"open","ping_status":"open","sticky":false,"template":"","format":"standard","meta":{"_jetpack_memberships_contains_paid_content":false,"footnotes":""},"categories":[2],"tags":[],"class_list":["post-16930","post","type-post","status-publish","format-standard","has-post-thumbnail","hentry","category-estado"],"jetpack_featured_media_url":"https:\/\/encuentroinformativo.com.mx\/wp-content\/uploads\/2020\/04\/B6FFCB08-1E11-4B44-96A3-6C37F1B3B322.jpeg","jetpack_sharing_enabled":true,"jetpack_likes_enabled":true,"amp_enabled":true,"_links":{"self":[{"href":"https:\/\/encuentroinformativo.com.mx\/index.php?rest_route=\/wp\/v2\/posts\/16930","targetHints":{"allow":["GET"]}}],"collection":[{"href":"https:\/\/encuentroinformativo.com.mx\/index.php?rest_route=\/wp\/v2\/posts"}],"about":[{"href":"https:\/\/encuentroinformativo.com.mx\/index.php?rest_route=\/wp\/v2\/types\/post"}],"author":[{"embeddable":true,"href":"https:\/\/encuentroinformativo.com.mx\/index.php?rest_route=\/wp\/v2\/users\/1"}],"replies":[{"embeddable":true,"href":"https:\/\/encuentroinformativo.com.mx\/index.php?rest_route=%2Fwp%2Fv2%2Fcomments&post=16930"}],"version-history":[{"count":1,"href":"https:\/\/encuentroinformativo.com.mx\/index.php?rest_route=\/wp\/v2\/posts\/16930\/revisions"}],"predecessor-version":[{"id":16931,"href":"https:\/\/encuentroinformativo.com.mx\/index.php?rest_route=\/wp\/v2\/posts\/16930\/revisions\/16931"}],"wp:featuredmedia":[{"embeddable":true,"href":"https:\/\/encuentroinformativo.com.mx\/index.php?rest_route=\/wp\/v2\/media\/2152"}],"wp:attachment":[{"href":"https:\/\/encuentroinformativo.com.mx\/index.php?rest_route=%2Fwp%2Fv2%2Fmedia&parent=16930"}],"wp:term":[{"taxonomy":"category","embeddable":true,"href":"https:\/\/encuentroinformativo.com.mx\/index.php?rest_route=%2Fwp%2Fv2%2Fcategories&post=16930"},{"taxonomy":"post_tag","embeddable":true,"href":"https:\/\/encuentroinformativo.com.mx\/index.php?rest_route=%2Fwp%2Fv2%2Ftags&post=16930"}],"curies":[{"name":"wp","href":"https:\/\/api.w.org\/{rel}","templated":true}]}}