{"id":16932,"date":"2021-07-29T15:06:12","date_gmt":"2021-07-29T20:06:12","guid":{"rendered":"https:\/\/encuentroinformativo.com.mx\/?p=16932"},"modified":"2021-07-29T15:06:16","modified_gmt":"2021-07-29T20:06:16","slug":"descartan-movil-politico-en-atentado-a-gallo-bolo","status":"publish","type":"post","link":"https:\/\/encuentroinformativo.com.mx\/?p=16932","title":{"rendered":"Descartan m\u00f3vil pol\u00edtico en atentado a Gallo Bolo"},"content":{"rendered":"\n<p><strong>Dar\u00edo Pale<\/strong><\/p>\n\n\n\n<p>Xalapa, Ver.- El gobernador del estado Cuitl\u00e1huac Garc\u00eda Jim\u00e9nez dio a conocer que una de las l\u00edneas de investigaci\u00f3n que &#8220;no se fortalece&#8221; en el caso del subprocurador de Medio Ambiente, Ernesto Cuevas, es la que tiene que ver con el tema pol\u00edtico.<\/p>\n\n\n\n<p>En conferencia de prensa realizada en a sala de Banderas de palacio de gobierno confirm\u00f3 que en el caso del <em>&#8220;Gallo Bolo&#8221; <\/em>hay una persona detenida por la agresiones que sufri\u00f3 con arma de fuego en subprocurador del Medio Ambiente.<\/p>\n\n\n\n<p>\u201cS\u00ed hubo resultados, se tiene informaci\u00f3n muy importante que se le dio a la Fiscal\u00eda, ya entra el proceso para judicializar lo que la Fiscal\u00eda logre investigar sobre los presuntos responsables&#8230; s\u00ed hubo un detenido&#8221;, coment\u00f3.<\/p>\n\n\n\n<p>Resalt\u00f3 que dicho detenido est\u00e1 sujeto a un proceso judicial, pero corresponde a la FGE informar, pese a que tambi\u00e9n que no pod\u00eda descartar o no su participaci\u00f3n, porque insisti\u00f3 en que es algo que debe dar a conocer la Fiscal\u00eda.<\/p>\n\n\n\n<p>Agreg\u00f3 que el organismo aut\u00f3nomo deber\u00e1 dar a conocer cu\u00e1les son los delitos por los que se le acusa a dicha persona.<\/p>\n\n\n\n<p>Por \u00faltimo aclar\u00f3 que el d\u00eda de los hechos se registraron otras detenciones, pero se trata de otros asuntos, pero se hicieron con base en diversas \u00f3rdenes de aprehensi\u00f3n.<\/p>\n","protected":false},"excerpt":{"rendered":"<p>Dar\u00edo Pale Xalapa, Ver.- El gobernador del estado Cuitl\u00e1huac Garc\u00eda Jim\u00e9nez dio a conocer que una de las l\u00edneas de investigaci\u00f3n que &#8220;no se fortalece&#8221; en el caso del subprocurador de Medio Ambiente, Ernesto Cuevas, es la que tiene que ver con el tema pol\u00edtico. En conferencia de prensa realizada en a sala de Banderas [&hellip;]<\/p>\n","protected":false},"author":1,"featured_media":16771,"comment_status":"open","ping_status":"open","sticky":false,"template":"","format":"standard","meta":{"_jetpack_memberships_contains_paid_content":false,"footnotes":""},"categories":[14],"tags":[],"class_list":["post-16932","post","type-post","status-publish","format-standard","has-post-thumbnail","hentry","category-policiaca"],"jetpack_featured_media_url":"https:\/\/encuentroinformativo.com.mx\/wp-content\/uploads\/2021\/07\/E62B2AEE-4F85-4D90-9398-0D4AD16FE5A6.jpeg","jetpack_sharing_enabled":true,"jetpack_likes_enabled":true,"amp_enabled":true,"_links":{"self":[{"href":"https:\/\/encuentroinformativo.com.mx\/index.php?rest_route=\/wp\/v2\/posts\/16932","targetHints":{"allow":["GET"]}}],"collection":[{"href":"https:\/\/encuentroinformativo.com.mx\/index.php?rest_route=\/wp\/v2\/posts"}],"about":[{"href":"https:\/\/encuentroinformativo.com.mx\/index.php?rest_route=\/wp\/v2\/types\/post"}],"author":[{"embeddable":true,"href":"https:\/\/encuentroinformativo.com.mx\/index.php?rest_route=\/wp\/v2\/users\/1"}],"replies":[{"embeddable":true,"href":"https:\/\/encuentroinformativo.com.mx\/index.php?rest_route=%2Fwp%2Fv2%2Fcomments&post=16932"}],"version-history":[{"count":1,"href":"https:\/\/encuentroinformativo.com.mx\/index.php?rest_route=\/wp\/v2\/posts\/16932\/revisions"}],"predecessor-version":[{"id":16933,"href":"https:\/\/encuentroinformativo.com.mx\/index.php?rest_route=\/wp\/v2\/posts\/16932\/revisions\/16933"}],"wp:featuredmedia":[{"embeddable":true,"href":"https:\/\/encuentroinformativo.com.mx\/index.php?rest_route=\/wp\/v2\/media\/16771"}],"wp:attachment":[{"href":"https:\/\/encuentroinformativo.com.mx\/index.php?rest_route=%2Fwp%2Fv2%2Fmedia&parent=16932"}],"wp:term":[{"taxonomy":"category","embeddable":true,"href":"https:\/\/encuentroinformativo.com.mx\/index.php?rest_route=%2Fwp%2Fv2%2Fcategories&post=16932"},{"taxonomy":"post_tag","embeddable":true,"href":"https:\/\/encuentroinformativo.com.mx\/index.php?rest_route=%2Fwp%2Fv2%2Ftags&post=16932"}],"curies":[{"name":"wp","href":"https:\/\/api.w.org\/{rel}","templated":true}]}}