{"id":16940,"date":"2021-07-30T09:21:28","date_gmt":"2021-07-30T14:21:28","guid":{"rendered":"https:\/\/encuentroinformativo.com.mx\/?p=16940"},"modified":"2021-07-30T09:21:33","modified_gmt":"2021-07-30T14:21:33","slug":"abre-mi-escuela","status":"publish","type":"post","link":"https:\/\/encuentroinformativo.com.mx\/?p=16940","title":{"rendered":"ABRE MI ESCUELA"},"content":{"rendered":"\n<p><strong>ColumnaSinNombre<br>@pablojair<\/strong><\/p>\n\n\n\n<ul class=\"wp-block-list\"><li>Reubicar\u00e1n a presos en 2022.<\/li><li>Red de corrupci\u00f3n en CECYTVER.<\/li><li>Esos cuenque\u00f1os tan creativos.<\/li><\/ul>\n\n\n\n<p>Todo indica, apunta, a que s\u00ed habr\u00e1 regreso a clases presenciales<br>\u2014Chopenjawer<\/p>\n\n\n\n<p>La asociaci\u00f3n civil \u201cAbre Mi Escuela\u201d se identifica a s\u00ed misma como \u201cun movimiento social nacional conformado por padres de familia\u201d que \u201cbusca la reapertura segura de todas las escuelas de M\u00e9xico, en beneficio del desarrollo infantil, social, psicol\u00f3gico y educativo de los ni\u00f1os y ni\u00f1as mexicanos\u201d.<\/p>\n\n\n\n<p>Dicha organizaci\u00f3n se ha dedicado a recopilar datos en los estados de la rep\u00fablica para justificar el regreso a clases en agosto, justificando que \u201ces importante que en M\u00e9xico se empiecen a buscar avenidas seguras para que los ni\u00f1os puedan regresar a sus escuelas\u201d, de acuerdo a lo que publica en su perfil de CitizenGo, una plataforma donde se recopilan firmas y promueve la participaci\u00f3n de la sociedad en asuntos pol\u00edticos.<\/p>\n\n\n\n<p>\u201cEl objetivo que buscamos, es presentar a las autoridades de salud y de educaci\u00f3n p\u00fablica, tanto a niveles estatales como federales, las estrategias que puedan ser revisadas en estrecha comunicaci\u00f3n con padres de familia, docentes y sociedad en general, para as\u00ed permitir la reapertura de las escuelas tanto p\u00fablicas como privadas y en todos los niveles de educaci\u00f3n durante este tiempo de crisis global, determinando que la educaci\u00f3n por medio de su proceso ense\u00f1anza-aprendizaje sea declarada actividad esencial (\u2026) Entendiendo con ello que los alumnos y maestros en las aulas y con todas las medidas preventivas que corresponden, nuestros ni\u00f1os, ni\u00f1as y adolescentes estar\u00e1n m\u00e1s seguros y volver\u00e1n nuevamente al desarrollo integral que tanto necesitan y que debe ser prioridad para los adultos que conocemos sus derechos\u201d.<\/p>\n\n\n\n<p>\u201cLuchemos juntos por que esos derechos sean respetados\u201d, subraya.<\/p>\n\n\n\n<p>Recientemente, en el espacio informativo del periodista Ciro G\u00f3mez Leyva, entrevistaron a Mar\u00eda Fernanda Lizama, vocera del movimiento con sede en Quer\u00e9taro (estado, por cierto, donde Morena y L\u00f3pez Obrador tienen nula o poca influencia), quien dio un dato relevante de acuerdo a un estudio que realizaron a partir de la apertura de escuelas en 13 diferentes estados de nuestro pa\u00eds, donde s\u00f3lo se contabilizaron 97 casos de coronavirus en un universo de 23 mil 087 escuelas que abrieron, de un aproximado de 980 mil estudiantes y profesores que regresaron a clases.<\/p>\n\n\n\n<p>En este sentido, Abre Mi Escuela enfatiza que estos 97 casos son apenas el 0.0003% de los casos totales en M\u00e9xico.<\/p>\n\n\n\n<p>Mar\u00eda Fernanda explic\u00f3 en el noticiero que la mitad de los datos fueron recopilados directamente de las secretar\u00edas de Educaci\u00f3n de la mitad de los estados estudiados, pero que adem\u00e1s realizaron una recopilaci\u00f3n de notas period\u00edsticas con la l\u00f3gica de que \u2014por lo relevante del tema\u2014 el cierre de escuelas por contagios de Covid fueron noticia a nivel nacional, lo que permiti\u00f3 identificar los casos.<\/p>\n\n\n\n<p>Este jueves dio a conocer m\u00e1s informaci\u00f3n al respecto: los casos positivos confirmados, en la mayor\u00eda de las ocasiones, fueron identificados afuera de los centros educativos y que al menos el 60% de las escuelas que regresaron fueron escuelas p\u00fablicas.<\/p>\n\n\n\n<p>Los estados que se estudiaron fueron Aguascalientes, Campeche, Chiapas, CDMX, Coahuila, Durango, Guanajuato, Jalisco, Morelos, Quer\u00e9taro, San Luis Potos\u00ed, Sinaloa y Veracruz, los cuales regresaron a clases (de manera parcial) entre abril y junio.<\/p>\n\n\n\n<p>Por otra parte, en entrevista con el diario La Raz\u00f3n, Mar\u00eda Fernanda Lizama asegur\u00f3 que es m\u00e1s f\u00e1cil que los ni\u00f1os opten por cometer suicidio o sufrir violencia intrafamiliar, da\u00f1o f\u00edsico y emocional como estr\u00e9s, ansiedad y obesidad en los hogares, que contagiarse por Covid-19 en las escuelas, por lo que urgi\u00f3 a regresar a las aulas.<\/p>\n\n\n\n<p>\u201cPor supuesto que es necesario el regreso a clases, pero sobre todo para los m\u00e1s vulnerables. Los efectos que estamos viendo son en el plano emocional, adem\u00e1s que es m\u00e1s probable que un adolescente de 10 a 19 a\u00f1os intente quitarse la vida como el suicidio, que padecer Covid-19. Hay reportes que hablan que los menores manifiestan estr\u00e9s y ansiedad, adem\u00e1s de que vemos mayores \u00edndices de obesidad, eso s\u00ed es un peligro\u201d, explic\u00f3.<\/p>\n\n\n\n<p>Adelant\u00f3 que el 8 de agosto har\u00e1n una manifestaci\u00f3n en unas 10 entidades para exigir el regreso a las clases.<\/p>\n\n\n\n<p>Un mandatario estatal que ya tom\u00f3 el toro por los cuernos en el asunto \u2014y que no es del partido del presidente de la Rep\u00fablica\u2014 es el gobernador Enrique Alfaro, de Jalisco, quien puso el dedo en la llaga se\u00f1alando que los contagios se est\u00e1n disparando pero por actividades festivas.<\/p>\n\n\n\n<p>\u201cTenemos que parar la fiesta, porque la prioridad es volver a clases\u201c, expres\u00f3.<\/p>\n\n\n\n<p>Su gobierno dictamin\u00f3 este mi\u00e9rcoles nuevas restricciones contra el COVID-19 como la cancelaci\u00f3n de operaciones de bares y antros durante todo el mes de agosto con el objetivo de abrir las escuelas a finales de ese mes.<\/p>\n\n\n\n<p>En entrevista con Joaqu\u00edn L\u00f3pez-D\u00f3riga, en Radio F\u00f3rmula, detall\u00f3: \u201cLa prioridad es regresar a clases presenciales. Nos estamos preparando para ello: estamos listos para que la educaci\u00f3n b\u00e1sica arranque en la modalidad presencial a finales de agosto; estamos tambi\u00e9n preparados en el nivel medio-superior y superior para arrancar de forma escalonada (\u2026) En este momento tenemos perfectamente detectado que el mayor riesgo de contagio son las actividades de diversi\u00f3n, de esparcimiento, particularmente en la noche con los j\u00f3venes, es momento de tomar una decisi\u00f3n en donde la prioridad es el regreso a las aulas podemos dejar para despu\u00e9s la fiesta y la diversi\u00f3n\u201d, declar\u00f3.<\/p>\n\n\n\n<p>Y es que, la neta, padre, muchos dicen estar en contra del regreso a clases por temor al Covid, pero ah\u00ed se ven a familias enteras en playas, restaurantes, centros comerciales, etc. Ah\u00ed, seguramente, son inmunes.<\/p>\n\n\n\n<p><strong>NOTA PARA PEGAR EN EL REFRI: <\/strong>El gobernador Cuitl\u00e1huac Garc\u00eda Jim\u00e9nez dio a conocer que ya se est\u00e1 trabajando en un plan para aplicarse en en el a\u00f1o 2022 para reacomodar a personas privadas de la libertad en penitenciarias porque tienen que hacer espacios en dos penales con sobrepoblaci\u00f3n. Abund\u00f3 que este tema se trat\u00f3 la ma\u00f1ana de este jueves en la sesi\u00f3n de la Mesa para Construcci\u00f3n para la Paz, y ser\u00e1 un proceso lento porque hay una parte legal que respetar, as\u00ed como las apelaciones que podr\u00edan hacer los abogados de los reos\u2026 Lo anterior recuerda cuando en el Fidelismo vaciaron el penal de Allende, en el Puerto de Veracruz, para llevarse los presos a otros penales con el fin de abrir el centro penitenciario para la realizaci\u00f3n de la pel\u00edcula \u201cGet The Gringo\u201d, del histri\u00f3n Mel Gibson, quien se la pas\u00f3 varios meses en tierras jarochas filmando y hasta se hizo amigu\u00edsimo del T\u00edo Fide.<\/p>\n\n\n\n<p><strong>OTRA NOTA: <\/strong>En su conferencia de prensa de este jueves, Garc\u00eda Jim\u00e9nez tambi\u00e9n revel\u00f3 que existe una red de corrupci\u00f3n que se est\u00e1 investigando al interior del Colegio de Estudios Cient\u00edficos y Tecnol\u00f3gicos del Estado de Veracruz (CECyTEV), confirmando que s\u00ed hubo separaci\u00f3n del cargo de funcionarios presuntamente involucrados, adem\u00e1s de que podr\u00eda haber un presunto da\u00f1o patrimonial de \u201cmillones de pesos\u201d que se est\u00e1 investigando y ya hay denuncias\u2026 \u201cNosotros estamos tras una red de corrupci\u00f3n al interior del CECyTEV, entonces s\u00ed hubo separaci\u00f3n de cargo de personal de confianza y todos los que probablemente entraron en esa red. Esta iniciaba desde los planteles hasta las oficinas centrales y posiblemente haya un da\u00f1o patrimonial ah\u00ed de algunos millones de pesos y se est\u00e1 investigando\u201d, expres\u00f3\u2026 \u201cEs una red de bastantitos\u201d, subray\u00f3\u2026 Entre las presuntas irregularidades, el mandatario estatal se\u00f1al\u00f3 venta de plazas y arreglos para demandar y ganar supuestos laudos.<\/p>\n\n\n\n<p><strong>LA \u00daLTIMA PORQUE TOCA PASEO EN EL PAPALOAPAN:<\/strong> En verdad que son creativos los cuenque\u00f1os y ah\u00ed est\u00e1n dos ejemplos claros de la chispa de los oriundos de la ribera del Papaloapan: Eric Cisneros Burgos, actual secretario de Gobierno, y Fidel Herrera Beltr\u00e1n, exgobernador de Veracruz\u2026 El primero anda muy movido con el tema de los Tratados de C\u00f3rdoba, as\u00ed como la explotaci\u00f3n tur\u00edstica de pueblos de la cuenca del poderoso R\u00edo de las Mariposas, donde este viernes inaugurar\u00e1n un recorrido del catamar\u00e1n \u201cEl Cuenque\u00f1o\u201d\u2026 Lo anterior recuerda a cuando el exgobernador originario de Nopaltepec inaugur\u00f3 una aerol\u00ednea de avionetas de pasajeros y carga que pretend\u00eda unir a las ciudades grandes de Veracruz con vuelos locales internos, proyecto interesante que finalmente no cuaj\u00f3\u2026 A ver c\u00f3mo les va ahora por la v\u00eda fluvial, donde seguramente se encomendaron con todo al Cristo Negro de Otatitl\u00e1n.<\/p>\n","protected":false},"excerpt":{"rendered":"<p>ColumnaSinNombre@pablojair Reubicar\u00e1n a presos en 2022. Red de corrupci\u00f3n en CECYTVER. Esos cuenque\u00f1os tan creativos. Todo indica, apunta, a que s\u00ed habr\u00e1 regreso a clases presenciales\u2014Chopenjawer La asociaci\u00f3n civil \u201cAbre Mi Escuela\u201d se identifica a s\u00ed misma como \u201cun movimiento social nacional conformado por padres de familia\u201d que \u201cbusca la reapertura segura de todas las [&hellip;]<\/p>\n","protected":false},"author":1,"featured_media":488,"comment_status":"open","ping_status":"open","sticky":false,"template":"","format":"standard","meta":{"_jetpack_memberships_contains_paid_content":false,"footnotes":""},"categories":[11],"tags":[],"class_list":["post-16940","post","type-post","status-publish","format-standard","has-post-thumbnail","hentry","category-opinion"],"jetpack_featured_media_url":"https:\/\/encuentroinformativo.com.mx\/wp-content\/uploads\/2020\/03\/F471F608-BA1A-416B-BA7B-BCFB24F4E6D0.jpeg","jetpack_sharing_enabled":true,"jetpack_likes_enabled":true,"amp_enabled":true,"_links":{"self":[{"href":"https:\/\/encuentroinformativo.com.mx\/index.php?rest_route=\/wp\/v2\/posts\/16940","targetHints":{"allow":["GET"]}}],"collection":[{"href":"https:\/\/encuentroinformativo.com.mx\/index.php?rest_route=\/wp\/v2\/posts"}],"about":[{"href":"https:\/\/encuentroinformativo.com.mx\/index.php?rest_route=\/wp\/v2\/types\/post"}],"author":[{"embeddable":true,"href":"https:\/\/encuentroinformativo.com.mx\/index.php?rest_route=\/wp\/v2\/users\/1"}],"replies":[{"embeddable":true,"href":"https:\/\/encuentroinformativo.com.mx\/index.php?rest_route=%2Fwp%2Fv2%2Fcomments&post=16940"}],"version-history":[{"count":1,"href":"https:\/\/encuentroinformativo.com.mx\/index.php?rest_route=\/wp\/v2\/posts\/16940\/revisions"}],"predecessor-version":[{"id":16941,"href":"https:\/\/encuentroinformativo.com.mx\/index.php?rest_route=\/wp\/v2\/posts\/16940\/revisions\/16941"}],"wp:featuredmedia":[{"embeddable":true,"href":"https:\/\/encuentroinformativo.com.mx\/index.php?rest_route=\/wp\/v2\/media\/488"}],"wp:attachment":[{"href":"https:\/\/encuentroinformativo.com.mx\/index.php?rest_route=%2Fwp%2Fv2%2Fmedia&parent=16940"}],"wp:term":[{"taxonomy":"category","embeddable":true,"href":"https:\/\/encuentroinformativo.com.mx\/index.php?rest_route=%2Fwp%2Fv2%2Fcategories&post=16940"},{"taxonomy":"post_tag","embeddable":true,"href":"https:\/\/encuentroinformativo.com.mx\/index.php?rest_route=%2Fwp%2Fv2%2Ftags&post=16940"}],"curies":[{"name":"wp","href":"https:\/\/api.w.org\/{rel}","templated":true}]}}