{"id":16960,"date":"2021-07-30T15:08:24","date_gmt":"2021-07-30T20:08:24","guid":{"rendered":"https:\/\/encuentroinformativo.com.mx\/?p=16960"},"modified":"2021-07-30T15:08:38","modified_gmt":"2021-07-30T20:08:38","slug":"comerciante-de-flores-acusa-abusos-de-policia-estatal","status":"publish","type":"post","link":"https:\/\/encuentroinformativo.com.mx\/?p=16960","title":{"rendered":"Comerciante de flores acusa abusos de polic\u00eda estatal"},"content":{"rendered":"\n<p><strong>Juan Arcos <\/strong><\/p>\n\n\n\n<p>Xalapa, Ver.- El florista Cris\u00f3foro S\u00e1nchez T\u00e9llez protest\u00f3 afuera de Palacio de Gobierno para denunciar que fue v\u00edctima de un abuso por parte de elementos de la Secretar\u00eda de Seguridad P\u00fablica (SSP).<\/p>\n\n\n\n<p>Record\u00f3 que el pasado lunes 19 de julio circulaba en su veh\u00edculo particular sobre la avenida Paseo Xalapa, alrededor de las 12:00 horas, donde se top\u00f3 con un operativo y una mujer de la Polic\u00eda Estatal, de nombre Emma, alias \u201cLa Loba\u201d, le marc\u00f3 el alto por no llevar el cintur\u00f3n de seguridad.<\/p>\n\n\n\n<p>\u201cYo llevaba prisa porque andaba trabajando. Me dijo que me esperara porque eso (no llevar el cintur\u00f3n de seguridad) equival\u00eda a una infracci\u00f3n. La mujer se puso muy grosera y dijo: no te estoy llevando detenido pero si quieres te voy a llevar detenido. Se enoj\u00f3 porque le pregunt\u00e9 bajo qu\u00e9 cargo me llevar\u00eda detenido. Me dijo: porque puedo y porque quiero\u201d, expres\u00f3.<\/p>\n\n\n\n<p>Detall\u00f3 que la oficial minti\u00f3 y argument\u00f3 a sus compa\u00f1eros haber sido ofendida verbalmente, para esposarlo y remitirlo al cuartel \u201cHeriberto Jara Corona\u201d, mejor conocido como San Jos\u00e9, como si se tratara de un delincuente.<\/p>\n\n\n\n<p>A\u00f1adi\u00f3 que tambi\u00e9n su autom\u00f3vil fue trasladado a un corral\u00f3n, sin haber cometido alg\u00fan delito o falta grave contra las autoridades.<br>S\u00e1nchez T\u00e9llez acus\u00f3 que fue privado de su libertad durante m\u00e1s de cinco horas, pese a que fue pagada su fianza, casi de manera inmediata, por una presunta falta administrativa.<\/p>\n\n\n\n<p>\u201cEstoy muy enojado porque no me sacaron r\u00e1pido, me sacaron hasta que quisieron para que no pudiera arreglar ese d\u00eda lo de mi carro, porque el corral\u00f3n lo cerraban a las cinco de la tarde, me sacaron casi a las cinco de la tarde\u201d.<\/p>\n\n\n\n<p>El florista tuvo que pagar una multa de 300 pesos en la comandancia de polic\u00eda y 2 mil 650 pesos en el corral\u00f3n para la liberaci\u00f3n de su unidad.<br>Sin embargo, denunci\u00f3 que su veh\u00edculo fue llevado a un corral\u00f3n en la localidad Plan del R\u00edo, municipio de Emiliano Zapata, pero no fue remolcado por una gr\u00faa y, pese a ello, le cobraron dicho servicio.<\/p>\n\n\n\n<p>El afectado pidi\u00f3 la intervenci\u00f3n del gobierno estatal para que cesen dichos abusos policiales en la entidad y que le devuelvan el dinero que le cobraron sin haber cometido ning\u00fan delito.<\/p>\n","protected":false},"excerpt":{"rendered":"<p>Juan Arcos Xalapa, Ver.- El florista Cris\u00f3foro S\u00e1nchez T\u00e9llez protest\u00f3 afuera de Palacio de Gobierno para denunciar que fue v\u00edctima de un abuso por parte de elementos de la Secretar\u00eda de Seguridad P\u00fablica (SSP). Record\u00f3 que el pasado lunes 19 de julio circulaba en su veh\u00edculo particular sobre la avenida Paseo Xalapa, alrededor de las [&hellip;]<\/p>\n","protected":false},"author":2476,"featured_media":16961,"comment_status":"open","ping_status":"open","sticky":false,"template":"","format":"standard","meta":{"_jetpack_memberships_contains_paid_content":false,"footnotes":""},"categories":[3],"tags":[],"class_list":["post-16960","post","type-post","status-publish","format-standard","has-post-thumbnail","hentry","category-xalapa"],"jetpack_featured_media_url":"https:\/\/encuentroinformativo.com.mx\/wp-content\/uploads\/2021\/07\/IMG_8040.jpg","jetpack_sharing_enabled":true,"jetpack_likes_enabled":true,"amp_enabled":true,"_links":{"self":[{"href":"https:\/\/encuentroinformativo.com.mx\/index.php?rest_route=\/wp\/v2\/posts\/16960","targetHints":{"allow":["GET"]}}],"collection":[{"href":"https:\/\/encuentroinformativo.com.mx\/index.php?rest_route=\/wp\/v2\/posts"}],"about":[{"href":"https:\/\/encuentroinformativo.com.mx\/index.php?rest_route=\/wp\/v2\/types\/post"}],"author":[{"embeddable":true,"href":"https:\/\/encuentroinformativo.com.mx\/index.php?rest_route=\/wp\/v2\/users\/2476"}],"replies":[{"embeddable":true,"href":"https:\/\/encuentroinformativo.com.mx\/index.php?rest_route=%2Fwp%2Fv2%2Fcomments&post=16960"}],"version-history":[{"count":1,"href":"https:\/\/encuentroinformativo.com.mx\/index.php?rest_route=\/wp\/v2\/posts\/16960\/revisions"}],"predecessor-version":[{"id":16962,"href":"https:\/\/encuentroinformativo.com.mx\/index.php?rest_route=\/wp\/v2\/posts\/16960\/revisions\/16962"}],"wp:featuredmedia":[{"embeddable":true,"href":"https:\/\/encuentroinformativo.com.mx\/index.php?rest_route=\/wp\/v2\/media\/16961"}],"wp:attachment":[{"href":"https:\/\/encuentroinformativo.com.mx\/index.php?rest_route=%2Fwp%2Fv2%2Fmedia&parent=16960"}],"wp:term":[{"taxonomy":"category","embeddable":true,"href":"https:\/\/encuentroinformativo.com.mx\/index.php?rest_route=%2Fwp%2Fv2%2Fcategories&post=16960"},{"taxonomy":"post_tag","embeddable":true,"href":"https:\/\/encuentroinformativo.com.mx\/index.php?rest_route=%2Fwp%2Fv2%2Ftags&post=16960"}],"curies":[{"name":"wp","href":"https:\/\/api.w.org\/{rel}","templated":true}]}}