{"id":16963,"date":"2021-07-30T15:16:40","date_gmt":"2021-07-30T20:16:40","guid":{"rendered":"https:\/\/encuentroinformativo.com.mx\/?p=16963"},"modified":"2021-07-30T15:16:44","modified_gmt":"2021-07-30T20:16:44","slug":"ante-consulta-suspenden-programa-de-vacunacion","status":"publish","type":"post","link":"https:\/\/encuentroinformativo.com.mx\/?p=16963","title":{"rendered":"Ante consulta, suspenden programa de vacunaci\u00f3n"},"content":{"rendered":"\n<p><strong>Juan Arcos<\/strong> <\/p>\n\n\n\n<p>Xalapa, Ver.- Las jornadas de vacunaci\u00f3n contra el SARS-COV-2 (COVID-19) y todos los programas sociales del gobierno federal ser\u00e1n suspendidos en Veracruz, durante los d\u00edas s\u00e1bado 31 de julio y domingo 1\u00ba de agosto, debido a la consulta popular para enjuiciar a expresidentes de M\u00e9xico.<\/p>\n\n\n\n<p>De acuerdo con el delegado de Programas Sociales en Veracruz, Manuel Huerta Ladr\u00f3n de Guevara, se busca dar cumplimiento a la veda electoral.<\/p>\n\n\n\n<p>Cabe recordar que el pr\u00f3ximo domingo ser\u00e1 consultada la ciudadan\u00eda para enjuiciar a los priistas Carlos Salinas de Gortari, Ernesto Zedillo Ponce de Le\u00f3n y Enrique Pe\u00f1a Nieto, as\u00ed como tambi\u00e9n, a los panistas Vicente Fox Quesada y Felipe Calder\u00f3n Hinojosa.<\/p>\n\n\n\n<p>El funcionario federal detall\u00f3 que ser\u00e1 el pr\u00f3ximo lunes 2 de agosto cuando se reanude la vacunaci\u00f3n anti COVID-19 en la entidad.<\/p>\n\n\n\n<p>Adem\u00e1s, mencion\u00f3 que a estas acciones se sumar\u00e1n elementos del Ej\u00e9rcito Mexicano, para que haya una mayor cobertura en la aplicaci\u00f3n de la dosis.<\/p>\n\n\n\n<p>\u201cEstamos informando que regresamos el d\u00eda 2 de agosto. C\u00e9lulas de vacunaci\u00f3n del ej\u00e9rcito han participado pero ese ha sido dentro del esquema m\u00faltiple donde est\u00e1 Sesver, IMSS, ISSSTE, ha requerido de un gran esfuerzo de log\u00edstica. Necesitamos tener las redes fr\u00edo, los transportes de la vacuna, la organizaci\u00f3n log\u00edstica, los niveles de captura\u201d, enfatiz\u00f3.<\/p>\n\n\n\n<p>El Delegado de los Programas Sociales dio a conocer que un total de 45 veh\u00edculos de las Becas Benito Ju\u00e1rez, 160 unidades de la Secretar\u00eda de Bienestar y 38 oficinas regionales ser\u00edan resguardados en las instalaciones de la dependencia federal.<\/p>\n\n\n\n<p>Finalmente, Huerta Ladr\u00f3n de Guevara tambi\u00e9n revel\u00f3 que cerrar\u00e1n sus puertas todas las oficinas del gobierno federal en el estado de Veracruz, debido a la consulta popular.<\/p>\n","protected":false},"excerpt":{"rendered":"<p>Juan Arcos Xalapa, Ver.- Las jornadas de vacunaci\u00f3n contra el SARS-COV-2 (COVID-19) y todos los programas sociales del gobierno federal ser\u00e1n suspendidos en Veracruz, durante los d\u00edas s\u00e1bado 31 de julio y domingo 1\u00ba de agosto, debido a la consulta popular para enjuiciar a expresidentes de M\u00e9xico. De acuerdo con el delegado de Programas Sociales [&hellip;]<\/p>\n","protected":false},"author":2476,"featured_media":16964,"comment_status":"open","ping_status":"open","sticky":false,"template":"","format":"standard","meta":{"_jetpack_memberships_contains_paid_content":false,"footnotes":""},"categories":[9],"tags":[],"class_list":["post-16963","post","type-post","status-publish","format-standard","has-post-thumbnail","hentry","category-salud"],"jetpack_featured_media_url":"https:\/\/encuentroinformativo.com.mx\/wp-content\/uploads\/2021\/07\/3ea2dc8b-4f5f-4e55-ba38-f55582839bf5.jpg","jetpack_sharing_enabled":true,"jetpack_likes_enabled":true,"amp_enabled":true,"_links":{"self":[{"href":"https:\/\/encuentroinformativo.com.mx\/index.php?rest_route=\/wp\/v2\/posts\/16963","targetHints":{"allow":["GET"]}}],"collection":[{"href":"https:\/\/encuentroinformativo.com.mx\/index.php?rest_route=\/wp\/v2\/posts"}],"about":[{"href":"https:\/\/encuentroinformativo.com.mx\/index.php?rest_route=\/wp\/v2\/types\/post"}],"author":[{"embeddable":true,"href":"https:\/\/encuentroinformativo.com.mx\/index.php?rest_route=\/wp\/v2\/users\/2476"}],"replies":[{"embeddable":true,"href":"https:\/\/encuentroinformativo.com.mx\/index.php?rest_route=%2Fwp%2Fv2%2Fcomments&post=16963"}],"version-history":[{"count":1,"href":"https:\/\/encuentroinformativo.com.mx\/index.php?rest_route=\/wp\/v2\/posts\/16963\/revisions"}],"predecessor-version":[{"id":16965,"href":"https:\/\/encuentroinformativo.com.mx\/index.php?rest_route=\/wp\/v2\/posts\/16963\/revisions\/16965"}],"wp:featuredmedia":[{"embeddable":true,"href":"https:\/\/encuentroinformativo.com.mx\/index.php?rest_route=\/wp\/v2\/media\/16964"}],"wp:attachment":[{"href":"https:\/\/encuentroinformativo.com.mx\/index.php?rest_route=%2Fwp%2Fv2%2Fmedia&parent=16963"}],"wp:term":[{"taxonomy":"category","embeddable":true,"href":"https:\/\/encuentroinformativo.com.mx\/index.php?rest_route=%2Fwp%2Fv2%2Fcategories&post=16963"},{"taxonomy":"post_tag","embeddable":true,"href":"https:\/\/encuentroinformativo.com.mx\/index.php?rest_route=%2Fwp%2Fv2%2Ftags&post=16963"}],"curies":[{"name":"wp","href":"https:\/\/api.w.org\/{rel}","templated":true}]}}