{"id":16975,"date":"2021-07-31T10:49:01","date_gmt":"2021-07-31T15:49:01","guid":{"rendered":"https:\/\/encuentroinformativo.com.mx\/?p=16975"},"modified":"2021-07-31T10:49:06","modified_gmt":"2021-07-31T15:49:06","slug":"apenas-2-medallas","status":"publish","type":"post","link":"https:\/\/encuentroinformativo.com.mx\/?p=16975","title":{"rendered":"Apenas 2 medallas"},"content":{"rendered":"\n<p><strong>N\u00fameros Rojos<\/strong><\/p>\n\n\n\n<p><strong>Brenda Caballero<\/strong><\/p>\n\n\n\n<p>Estos Juegos Ol\u00edmpicos de Tokio 2020, han dejado para M\u00e9xico hasta el momento 2 medallas de bronce y mucha polarizaci\u00f3n en redes sociales. Desde las cr\u00edticas y defensas del equipo femenino de softbol por haber tirado sus uniformes a la basura, hasta la compasi\u00f3n y los memes por la falla de Arantxa Ch\u00e1vez al ejecutar un salto de trampol\u00edn con calificaci\u00f3n cero.<\/p>\n\n\n\n<p>Hasta el d\u00eda de ayer nuestro pa\u00eds se posiciona en el lugar 60. Apenas las dos medallas de bronce para Alejandra Valencia y Luis \u00c1lvarez en Tiro con Arco y Alejandra Orozco Loza y Gabriela Agundez Garc\u00eda en clavados&nbsp; sincronizados en plataforma de 10 metros.<\/p>\n\n\n\n<p>Es decir de las 101 plazas que nos est\u00e1n representando all\u00e1 en Jap\u00f3n, solamente 4 han dado resultados de medalla a la fecha; apenas el 3.96 por ciento cuando Ana Gabriela Guevara hab\u00eda prometido 10 medallas antes de partir a tierras niponas&#8230; bueno, despu\u00e9s dijo que 5 s\u00ed eran seguras.<\/p>\n\n\n\n<p>A estas alturas \u00bfpodemos hablar de un buen o mal resultado de los mexicanos en los Juegos Ol\u00edmpicos?<\/p>\n\n\n\n<p>Aqu\u00ed viene lo mejor. \u00bfSer\u00e1 bueno el desempe\u00f1o de los mexicanos dependiendo del cristal con que se mire&#8230; o mejor dicho, hablamos de un vaso medio lleno o medio vac\u00edo? Esto, desde el lado subjetivo, no desde los n\u00fameros que son fr\u00edos, porque si hablamos de n\u00fameros y resultados, estamos fritos.<\/p>\n\n\n\n<p>\u00bfSe vale justificar que un deportista tuvo un mal d\u00eda? \u00a1Claro!, pero siendo deportista de alto rendimiento, un mal d\u00eda es el que tuvo Alejandra Valencia, cuando en su flecha de desempate de tiro con arco, marc\u00f3 10 y fue eliminada de las medallas por mil\u00edmetros porque el tiro de su oponente Mackenzie Brown estuvo m\u00e1s cerca del centro. \u00a1\u00c9se s\u00ed es un mal d\u00eda!<\/p>\n\n\n\n<p>En el caso de Arantxa, en mi opini\u00f3n no es un mal d\u00eda. Y no voy a hacer le\u00f1a verde del \u00e1rbol ca\u00eddo, porque la clavadista de por s\u00ed recordar\u00e1 ese salto como el peor de su vida. Pero tal vez no, quiz\u00e1s es lo que necesitaba para ser mejor y enfocarse en sus pr\u00f3ximos juegos ol\u00edmpicos para llegar a las medallas.&nbsp;<\/p>\n\n\n\n<p>No se trata que desde este espacio critique el trabajo de los deportistas que fueron a representarnos como pa\u00eds, tampoco de que justifique sus deficiencias o las normalice. Se trata de que exijamos que los que vayan a representarnos sean los mejores en su categor\u00eda y no que sean agregados tur\u00edsticos. Se trata de que la Comisi\u00f3n Nacional de Cultura F\u00edsica y Deporte en M\u00e9xico se ponga las pilas y que el gobierno de M\u00e9xico invierta en los deportistas que dan la cara.&nbsp;<\/p>\n\n\n\n<p>Despu\u00e9s de lo de la gimnasta Sim\u00f3n Biles que se retir\u00f3 por salud mental, toda falla o deficiencia se justific\u00f3 en eso: la salud mental. Desde luego que coincido, es importante la salud, muy importante, y m\u00e1s cuando hemos pasado m\u00e1s de un a\u00f1o con una pandemia de Covid 19, pero \u00bfno act\u00faa a veces de la misma forma la llamada generaci\u00f3n de cristal? Ante cualquier presi\u00f3n, tenemos suicidios en j\u00f3venes por mucha tarea o porque simplemente les quitaron el celular.<\/p>\n\n\n\n<p>Volviendo a la salud mental del deportista, que tambi\u00e9n menciona Jorge Orozco, honroso cuarto lugar para M\u00e9xico en tiro deportivo, si ya nos hemos dado cuenta que la salud mental es un problema, pues se debe invertir en ella. Debemos exigir que los deportistas est\u00e9n acompa\u00f1ados por especialistas que les ayuden a mantener un equilibrio y manejar su estr\u00e9s y emociones en competencias internacionales.&nbsp;<\/p>\n\n\n\n<p>Hoy, otros pa\u00edses de Latinoam\u00e9rica se encuentran en el medallero por encima de nuestro pa\u00eds, y es cuando te preguntas \u00bfQu\u00e9 hace mejor a Venezuela, Colombia, Ecuador, Cuba o Brasil? \u00bfSer\u00e1 acaso que tienen deportistas con mejor salud mental o ser\u00e1n gobiernos que invierten en infraestructura deportiva?<\/p>\n\n\n\n<p>Todo indica que nosotros tambi\u00e9n estamos mal de nuestra salud mental por polarizar, criticar, denostar, normalizar, justificar, compadecer a los y las deportistas, en lugar de exigir a las Autoridades.<\/p>\n\n\n\n<p>@NumerosRojos_BC<\/p>\n\n\n\n<p><a href=\"mailto:caballero_brenda@hotmail.com\" target=\"_blank\" rel=\"noreferrer noopener\">caballero_brenda@hotmail.com<\/a><\/p>\n","protected":false},"excerpt":{"rendered":"<p>N\u00fameros Rojos Brenda Caballero Estos Juegos Ol\u00edmpicos de Tokio 2020, han dejado para M\u00e9xico hasta el momento 2 medallas de bronce y mucha polarizaci\u00f3n en redes sociales. Desde las cr\u00edticas y defensas del equipo femenino de softbol por haber tirado sus uniformes a la basura, hasta la compasi\u00f3n y los memes por la falla de [&hellip;]<\/p>\n","protected":false},"author":1,"featured_media":387,"comment_status":"open","ping_status":"open","sticky":false,"template":"","format":"standard","meta":{"_jetpack_memberships_contains_paid_content":false,"footnotes":""},"categories":[11],"tags":[],"class_list":["post-16975","post","type-post","status-publish","format-standard","has-post-thumbnail","hentry","category-opinion"],"jetpack_featured_media_url":"https:\/\/encuentroinformativo.com.mx\/wp-content\/uploads\/2020\/03\/7CF8A22B-2764-47BE-8F7F-38FE9E5D6A2F.jpeg","jetpack_sharing_enabled":true,"jetpack_likes_enabled":true,"amp_enabled":true,"_links":{"self":[{"href":"https:\/\/encuentroinformativo.com.mx\/index.php?rest_route=\/wp\/v2\/posts\/16975","targetHints":{"allow":["GET"]}}],"collection":[{"href":"https:\/\/encuentroinformativo.com.mx\/index.php?rest_route=\/wp\/v2\/posts"}],"about":[{"href":"https:\/\/encuentroinformativo.com.mx\/index.php?rest_route=\/wp\/v2\/types\/post"}],"author":[{"embeddable":true,"href":"https:\/\/encuentroinformativo.com.mx\/index.php?rest_route=\/wp\/v2\/users\/1"}],"replies":[{"embeddable":true,"href":"https:\/\/encuentroinformativo.com.mx\/index.php?rest_route=%2Fwp%2Fv2%2Fcomments&post=16975"}],"version-history":[{"count":1,"href":"https:\/\/encuentroinformativo.com.mx\/index.php?rest_route=\/wp\/v2\/posts\/16975\/revisions"}],"predecessor-version":[{"id":16976,"href":"https:\/\/encuentroinformativo.com.mx\/index.php?rest_route=\/wp\/v2\/posts\/16975\/revisions\/16976"}],"wp:featuredmedia":[{"embeddable":true,"href":"https:\/\/encuentroinformativo.com.mx\/index.php?rest_route=\/wp\/v2\/media\/387"}],"wp:attachment":[{"href":"https:\/\/encuentroinformativo.com.mx\/index.php?rest_route=%2Fwp%2Fv2%2Fmedia&parent=16975"}],"wp:term":[{"taxonomy":"category","embeddable":true,"href":"https:\/\/encuentroinformativo.com.mx\/index.php?rest_route=%2Fwp%2Fv2%2Fcategories&post=16975"},{"taxonomy":"post_tag","embeddable":true,"href":"https:\/\/encuentroinformativo.com.mx\/index.php?rest_route=%2Fwp%2Fv2%2Ftags&post=16975"}],"curies":[{"name":"wp","href":"https:\/\/api.w.org\/{rel}","templated":true}]}}