{"id":16997,"date":"2021-07-31T21:33:33","date_gmt":"2021-08-01T02:33:33","guid":{"rendered":"https:\/\/encuentroinformativo.com.mx\/?p=16997"},"modified":"2021-07-31T21:33:38","modified_gmt":"2021-08-01T02:33:38","slug":"ine-se-declara-listo-para-consulta-popular","status":"publish","type":"post","link":"https:\/\/encuentroinformativo.com.mx\/?p=16997","title":{"rendered":"INE se declara listo para Consulta Popular"},"content":{"rendered":"\n<p>Xalapa, Ver.- El Vocal\u00a0Ejecutivo\u00a0de la Junta\u00a0Local\u00a0de\u00a0Instituto Nacional\u00a0Electoral\u00a0(INE)\u00a0en\u00a0el Estado de\u00a0Veracruz,\u00a0Josu\u00e9\u00a0Cervantes\u00a0Mart\u00ednez,\u00a0inform\u00f3\u00a0que\u00a0todo se encuentra\u00a0dispuesto\u00a0para\u00a0que\u00a05\u00a0millones\u00a0954\u00a0mil\u00a0886veracruzanas y veracruzanos\u00a0inscritos\u00a0en lista\u00a0nominal,\u00a0puedan\u00a0acudir\u00a0este domingo primero de agosto\u00a0a las\u00a03 mil 659\u00a0Mesas\u00a0Receptoras\u00a0que se instalar\u00e1n en todo el territorio veracruzano\u00a0y\u00a0as\u00ed\u00a0participar en\u00a0la Consulta\u00a0Popular\u00a02021.<\/p>\n\n\n\n<p>\u201cEl&nbsp;d\u00eda de ma\u00f1ana&nbsp;a partir de la 7:30 horas, en sesi\u00f3n extraordinaria, la&nbsp;Junta&nbsp;Local&nbsp;Ejecutiva&nbsp;se&nbsp;instalar\u00e1 para darseguimiento al desarrollo de la&nbsp;jornada de la&nbsp;Consulta&nbsp;Popular,as\u00ed como a los C\u00f3mputos&nbsp;que realizar\u00e1n&nbsp;las 20 Juntas&nbsp;Distritales Ejecutivas&nbsp;en Veracruz&nbsp;hasta&nbsp;su conclusi\u00f3n. En este&nbsp;momento&nbsp;la&nbsp;paqueter\u00eda&nbsp;con las papeletas,&nbsp;con la documentaci\u00f3n y&nbsp;los&nbsp;materiales electorales obran ya en&nbsp;poder de&nbsp;las&nbsp;presidencias&nbsp;de las&nbsp;Mesas&nbsp;Receptoras&nbsp;y solo resta esperar a que la ciudadan\u00eda se disponga a participar,&nbsp;el d\u00eda de ma\u00f1ana,&nbsp;en este&nbsp;in\u00e9dito&nbsp;ejercicio&nbsp;de democracia&nbsp;participativa\u201d.<\/p>\n\n\n\n<p>El Vocal Ejecutivo&nbsp;recalc\u00f3&nbsp;que es la&nbsp;Constituci\u00f3n&nbsp;Pol\u00edtica&nbsp;de los Estados Unidos&nbsp;Mexicanos&nbsp;y no el&nbsp;INE&nbsp;quien ordena,&nbsp;en&nbsp;el periodo&nbsp;comprendido del 15 de julio&nbsp;y&nbsp;hasta&nbsp;la conclusi\u00f3n de la Jornada&nbsp;de la Consulta&nbsp;Popular,&nbsp;suspender la difusi\u00f3n en los medios de comunicaci\u00f3n de toda propaganda gubernamental de&nbsp;cualquier&nbsp;orden&nbsp;de gobierno.<\/p>\n\n\n\n<p>\u201cSi bien hay un mandato&nbsp;constitucional&nbsp;a&nbsp;no difundir&nbsp;logros&nbsp;de gobierno, obra p\u00fablica,&nbsp;ni emitir informaci\u00f3n sobre programas y acciones, salvo las campa\u00f1as de informaci\u00f3n de autoridades electorales, servicios de salud,&nbsp;educativos&nbsp;y&nbsp;de&nbsp;protecci\u00f3n&nbsp;civil,&nbsp;eso no implica&nbsp;que se deban suspender&nbsp;determinados&nbsp;programas o&nbsp;acciones&nbsp;de gobierno\u201d,&nbsp;aclar\u00f3.<\/p>\n\n\n\n<p>Cervantes\u00a0Mart\u00ednez reiter\u00f3\u00a0a la\u00a0ciudadan\u00eda\u00a0que\u00a0podr\u00e1 consultar la\u00a0ubicaci\u00f3n de\u00a0su\u00a0Mesa Receptora\u00a0correspondiente a\u00a0trav\u00e9s\u00a0de la p\u00e1gina ubicatumesa.ine.mx,\u00a0llamando al INETEL 800 433 2000 o enviando un <em>WhatsApp<\/em> al 555 809 7300.<\/p>\n","protected":false},"excerpt":{"rendered":"<p>Xalapa, Ver.- El Vocal\u00a0Ejecutivo\u00a0de la Junta\u00a0Local\u00a0de\u00a0Instituto Nacional\u00a0Electoral\u00a0(INE)\u00a0en\u00a0el Estado de\u00a0Veracruz,\u00a0Josu\u00e9\u00a0Cervantes\u00a0Mart\u00ednez,\u00a0inform\u00f3\u00a0que\u00a0todo se encuentra\u00a0dispuesto\u00a0para\u00a0que\u00a05\u00a0millones\u00a0954\u00a0mil\u00a0886veracruzanas y veracruzanos\u00a0inscritos\u00a0en lista\u00a0nominal,\u00a0puedan\u00a0acudir\u00a0este domingo primero de agosto\u00a0a las\u00a03 mil 659\u00a0Mesas\u00a0Receptoras\u00a0que se instalar\u00e1n en todo el territorio veracruzano\u00a0y\u00a0as\u00ed\u00a0participar en\u00a0la Consulta\u00a0Popular\u00a02021. \u201cEl&nbsp;d\u00eda de ma\u00f1ana&nbsp;a partir de la 7:30 horas, en sesi\u00f3n extraordinaria, la&nbsp;Junta&nbsp;Local&nbsp;Ejecutiva&nbsp;se&nbsp;instalar\u00e1 para darseguimiento al desarrollo de la&nbsp;jornada de la&nbsp;Consulta&nbsp;Popular,as\u00ed como a los C\u00f3mputos&nbsp;que realizar\u00e1n&nbsp;las [&hellip;]<\/p>\n","protected":false},"author":1,"featured_media":16998,"comment_status":"open","ping_status":"open","sticky":false,"template":"","format":"standard","meta":{"_jetpack_memberships_contains_paid_content":false,"footnotes":""},"categories":[2],"tags":[],"class_list":["post-16997","post","type-post","status-publish","format-standard","has-post-thumbnail","hentry","category-estado"],"jetpack_featured_media_url":"https:\/\/encuentroinformativo.com.mx\/wp-content\/uploads\/2021\/07\/1F58051C-A6EB-46AB-916D-87F5C0EAACDD.jpeg","jetpack_sharing_enabled":true,"jetpack_likes_enabled":true,"amp_enabled":true,"_links":{"self":[{"href":"https:\/\/encuentroinformativo.com.mx\/index.php?rest_route=\/wp\/v2\/posts\/16997","targetHints":{"allow":["GET"]}}],"collection":[{"href":"https:\/\/encuentroinformativo.com.mx\/index.php?rest_route=\/wp\/v2\/posts"}],"about":[{"href":"https:\/\/encuentroinformativo.com.mx\/index.php?rest_route=\/wp\/v2\/types\/post"}],"author":[{"embeddable":true,"href":"https:\/\/encuentroinformativo.com.mx\/index.php?rest_route=\/wp\/v2\/users\/1"}],"replies":[{"embeddable":true,"href":"https:\/\/encuentroinformativo.com.mx\/index.php?rest_route=%2Fwp%2Fv2%2Fcomments&post=16997"}],"version-history":[{"count":1,"href":"https:\/\/encuentroinformativo.com.mx\/index.php?rest_route=\/wp\/v2\/posts\/16997\/revisions"}],"predecessor-version":[{"id":16999,"href":"https:\/\/encuentroinformativo.com.mx\/index.php?rest_route=\/wp\/v2\/posts\/16997\/revisions\/16999"}],"wp:featuredmedia":[{"embeddable":true,"href":"https:\/\/encuentroinformativo.com.mx\/index.php?rest_route=\/wp\/v2\/media\/16998"}],"wp:attachment":[{"href":"https:\/\/encuentroinformativo.com.mx\/index.php?rest_route=%2Fwp%2Fv2%2Fmedia&parent=16997"}],"wp:term":[{"taxonomy":"category","embeddable":true,"href":"https:\/\/encuentroinformativo.com.mx\/index.php?rest_route=%2Fwp%2Fv2%2Fcategories&post=16997"},{"taxonomy":"post_tag","embeddable":true,"href":"https:\/\/encuentroinformativo.com.mx\/index.php?rest_route=%2Fwp%2Fv2%2Ftags&post=16997"}],"curies":[{"name":"wp","href":"https:\/\/api.w.org\/{rel}","templated":true}]}}