{"id":17003,"date":"2021-08-01T13:15:46","date_gmt":"2021-08-01T18:15:46","guid":{"rendered":"https:\/\/encuentroinformativo.com.mx\/?p=17003"},"modified":"2021-08-01T13:15:50","modified_gmt":"2021-08-01T18:15:50","slug":"vacias-lucen-casillas-en-xalapa","status":"publish","type":"post","link":"https:\/\/encuentroinformativo.com.mx\/?p=17003","title":{"rendered":"Vac\u00edas lucen casillas en Xalapa"},"content":{"rendered":"\n<p><strong>Juan Arcos<\/strong><\/p>\n\n\n\n<p>Xalapa, Ver.- Las mesas receptoras instaladas en la ciudad de Xalapa lucen vac\u00edas durante este domingo 1\u00ba de agosto, para la consulta popular que permitir\u00eda enjuiciar a expresidentes de M\u00e9xico.<\/p>\n\n\n\n<p>Esta situaci\u00f3n fue notoria en diversas sedes de la capital del estado, sobre todo del Centro Hist\u00f3rico, as\u00ed como tambi\u00e9n, en otros municipios.\u00a0<\/p>\n\n\n\n<p>De acuerdo con Yuri Eguiarte Esta\u00f1ol, presidente de la casilla b\u00e1sica, secci\u00f3n 2035, se ha registrado una participaci\u00f3n \u201cmoderada\u201d por parte de las ciudadanas y ciudadanos.<br>Esta casilla fue instalada al interior de la escuela industrial \u201cConcepci\u00f3n Quir\u00f3s P\u00e9rez\u201d, en la esquina de las calles Francisco Javier Clavijero y Benito Ju\u00e1rez, alrededor de las 8:15 horas.<\/p>\n\n\n\n<p>Sin embargo, despu\u00e9s de m\u00e1s de dos horas, s\u00f3lo hab\u00edan emitido su opini\u00f3n 25 personas, donde se esperaba la participaci\u00f3n de mil 964.<br>\u201cSon muchos factores que influyen en la baja participaci\u00f3n: es domingo, venimos de un proceso electoral, hay personas que vienen en la ignorancia, buscando emitir un voto, cuando aqu\u00ed no es voto sino una opini\u00f3n\u201d, expres\u00f3.<\/p>\n\n\n\n<p>Eguiarte Esta\u00f1ol se\u00f1al\u00f3 que muchas personas, de otras entidades federativas, acudieron a la mesa receptora, en busca de casillas especiales, mismas que no fueron instaladas al no tratarse de una votaci\u00f3n para elegir a representan mates mmpopulares federales.<\/p>\n\n\n\n<p>\u201cNo las hay porque esas son para procesos electorales donde se eligen funcionarios o servidores p\u00fablicos federales, en este caso no es una votaci\u00f3n y, por lo tanto, no hay la necesidad por parte del \u00f3rgano electoral de organizar una casilla especial\u201d.<\/p>\n\n\n\n<p>A esas personas no se les permiti\u00f3 emitir su opini\u00f3n en la consulta popular, debido a que no se encontraban en la lista nominal ni contaban con una sentencia de un tribunal electoral donde se reconocen sus derechos pol\u00edtico-electorales.<\/p>\n\n\n\n<p>\u201cFuera de ello no ha habido ning\u00fan tipo de incidente\u201d, culmin\u00f3 el Presidente de la casilla b\u00e1sica.<\/p>\n","protected":false},"excerpt":{"rendered":"<p>Juan Arcos Xalapa, Ver.- Las mesas receptoras instaladas en la ciudad de Xalapa lucen vac\u00edas durante este domingo 1\u00ba de agosto, para la consulta popular que permitir\u00eda enjuiciar a expresidentes de M\u00e9xico. Esta situaci\u00f3n fue notoria en diversas sedes de la capital del estado, sobre todo del Centro Hist\u00f3rico, as\u00ed como tambi\u00e9n, en otros municipios.\u00a0 [&hellip;]<\/p>\n","protected":false},"author":1,"featured_media":17004,"comment_status":"open","ping_status":"open","sticky":false,"template":"","format":"standard","meta":{"_jetpack_memberships_contains_paid_content":false,"footnotes":""},"categories":[3],"tags":[],"class_list":["post-17003","post","type-post","status-publish","format-standard","has-post-thumbnail","hentry","category-xalapa"],"jetpack_featured_media_url":"https:\/\/encuentroinformativo.com.mx\/wp-content\/uploads\/2021\/08\/1013BBA3-5582-4C3F-B0AD-6E83D960D5FC.jpeg","jetpack_sharing_enabled":true,"jetpack_likes_enabled":true,"amp_enabled":true,"_links":{"self":[{"href":"https:\/\/encuentroinformativo.com.mx\/index.php?rest_route=\/wp\/v2\/posts\/17003","targetHints":{"allow":["GET"]}}],"collection":[{"href":"https:\/\/encuentroinformativo.com.mx\/index.php?rest_route=\/wp\/v2\/posts"}],"about":[{"href":"https:\/\/encuentroinformativo.com.mx\/index.php?rest_route=\/wp\/v2\/types\/post"}],"author":[{"embeddable":true,"href":"https:\/\/encuentroinformativo.com.mx\/index.php?rest_route=\/wp\/v2\/users\/1"}],"replies":[{"embeddable":true,"href":"https:\/\/encuentroinformativo.com.mx\/index.php?rest_route=%2Fwp%2Fv2%2Fcomments&post=17003"}],"version-history":[{"count":1,"href":"https:\/\/encuentroinformativo.com.mx\/index.php?rest_route=\/wp\/v2\/posts\/17003\/revisions"}],"predecessor-version":[{"id":17005,"href":"https:\/\/encuentroinformativo.com.mx\/index.php?rest_route=\/wp\/v2\/posts\/17003\/revisions\/17005"}],"wp:featuredmedia":[{"embeddable":true,"href":"https:\/\/encuentroinformativo.com.mx\/index.php?rest_route=\/wp\/v2\/media\/17004"}],"wp:attachment":[{"href":"https:\/\/encuentroinformativo.com.mx\/index.php?rest_route=%2Fwp%2Fv2%2Fmedia&parent=17003"}],"wp:term":[{"taxonomy":"category","embeddable":true,"href":"https:\/\/encuentroinformativo.com.mx\/index.php?rest_route=%2Fwp%2Fv2%2Fcategories&post=17003"},{"taxonomy":"post_tag","embeddable":true,"href":"https:\/\/encuentroinformativo.com.mx\/index.php?rest_route=%2Fwp%2Fv2%2Ftags&post=17003"}],"curies":[{"name":"wp","href":"https:\/\/api.w.org\/{rel}","templated":true}]}}