{"id":17014,"date":"2021-08-02T07:28:48","date_gmt":"2021-08-02T12:28:48","guid":{"rendered":"https:\/\/encuentroinformativo.com.mx\/?p=17014"},"modified":"2021-08-02T07:28:52","modified_gmt":"2021-08-02T12:28:52","slug":"participo-5-de-veracruzanos-en-consulta-popular","status":"publish","type":"post","link":"https:\/\/encuentroinformativo.com.mx\/?p=17014","title":{"rendered":"Particip\u00f3 5% de veracruzanos en Consulta Popular"},"content":{"rendered":"\n<p><strong>Juan Arcos<\/strong><\/p>\n\n\n\n<p>Xalapa, Ver.- S\u00f3lo el 5.08 por ciento de veracruzanas y veracruzanos participaron en la consulta popular para enjuiciar a expresidentes de la Rep\u00fablica Mexicana, durante este domingo 1 de agosto.<\/p>\n\n\n\n<p>De acuerdo con informaci\u00f3n del Instituto Nacional Electoral (INE), hasta las 22:33 horas del domingo, se registr\u00f3 el 5.0841 por ciento de participaci\u00f3n ciudadana en esta entidad.<\/p>\n\n\n\n<p>El corte del escrutinio y c\u00f3mputo revel\u00f3 que el 97.8 por ciento de los ciudadanos que participaron se pronunciaron a favor de que sean investigados y sancionados los exfuncionarios que hayan incurrido en actos de corrupci\u00f3n.<\/p>\n\n\n\n<p>Mientras que el 1.40 por ciento emiti\u00f3 una opini\u00f3n en contra de la pregunta que formul\u00f3 el INE y el 0.77 por ciento anul\u00f3 su oportunidad de opinar.<\/p>\n\n\n\n<p>Se trata de 297 mil 922 opiniones positivas, 4 mil 293 negativas y 2 mil 328 nulos contabilizados en la entidad veracruzana.&nbsp;<\/p>\n\n\n\n<p>Cabe recordar que la pregunta fue la siguiente: \u201c\u00bfEst\u00e1s de acuerdo o no en que se lleven a cabo las acciones pertinentes con apego al marco constitucional y legal, para emprender un proceso de esclarecimiento de las decisiones pol\u00edticas tomadas en los a\u00f1os pasados por los actores pol\u00edticos, encaminado a garantizar la justicia y los derechos de las posibles v\u00edctimas?&#8221;.<\/p>\n\n\n\n<p>Las ciudadanas y ciudadanos s\u00f3lo deb\u00edan responder \u201cs\u00ed\u201d o \u201cno\u201d, como parte de este proceso democr\u00e1tico que impuls\u00f3 el actual presidente de M\u00e9xico, Andr\u00e9s Manuel L\u00f3pez Obrador.<\/p>\n\n\n\n<p>En el estado de Veracruz se esperaba la participaci\u00f3n de 5 millones 989 mil 973 de personas. El Instituto Nacional Electoral instalar\u00eda 3 mil 659 mesas receptoras en todo el territorio estatal, pero s\u00f3lo dos no se lograron en el municipio de Emiliano Zapata.\u00a0<\/p>\n\n\n\n<p>Hasta el momento se tiene un avance del 53.67 por ciento de las actas computadas con un total de 304 mil 542 opiniones.<\/p>\n\n\n\n<p>A nivel nacional, hasta las nueve de la noche, se registr\u00f3 una participaci\u00f3n ciudadana de entre 7.07 y 7.74 por ciento de la poblaci\u00f3n mexicana, cuando se requer\u00eda la participaci\u00f3n del 40 por ciento de la lista nominal de electores para que la consulta fuese vinculatoria.<\/p>\n\n\n\n<p><strong>INCIDENTES MENORES\u00a0<\/strong><\/p>\n\n\n\n<p>El vocal ejecutivo del INE en Veracruz, Josu\u00e9 Cervantes Mart\u00ednez, indic\u00f3 que s\u00f3lo se contabilizaron 37 incidentes menores durante la consulta popular en la entidad.<\/p>\n\n\n\n<p>Se trata de personas que emitieron su opini\u00f3n sin tener credencial para votar, sin estar en la lista nominal o por la ausencia de funcionarios en las mesas receptoras.<\/p>\n\n\n\n<p>\u201cFueron detalles menores, realmente una jornada muy tranquila, muy ordenada, insisto, en t\u00e9rminos organizativos, muy bien cuidada, muy bien preparada\u201d, extern\u00f3 en la sesi\u00f3n permanente.<\/p>\n","protected":false},"excerpt":{"rendered":"<p>Juan Arcos Xalapa, Ver.- S\u00f3lo el 5.08 por ciento de veracruzanas y veracruzanos participaron en la consulta popular para enjuiciar a expresidentes de la Rep\u00fablica Mexicana, durante este domingo 1 de agosto. De acuerdo con informaci\u00f3n del Instituto Nacional Electoral (INE), hasta las 22:33 horas del domingo, se registr\u00f3 el 5.0841 por ciento de participaci\u00f3n [&hellip;]<\/p>\n","protected":false},"author":1,"featured_media":17015,"comment_status":"open","ping_status":"open","sticky":false,"template":"","format":"standard","meta":{"_jetpack_memberships_contains_paid_content":false,"footnotes":""},"categories":[2],"tags":[],"class_list":["post-17014","post","type-post","status-publish","format-standard","has-post-thumbnail","hentry","category-estado"],"jetpack_featured_media_url":"https:\/\/encuentroinformativo.com.mx\/wp-content\/uploads\/2021\/08\/371C1F2A-7278-4249-A842-9F76B7810CF7.jpeg","jetpack_sharing_enabled":true,"jetpack_likes_enabled":true,"amp_enabled":true,"_links":{"self":[{"href":"https:\/\/encuentroinformativo.com.mx\/index.php?rest_route=\/wp\/v2\/posts\/17014","targetHints":{"allow":["GET"]}}],"collection":[{"href":"https:\/\/encuentroinformativo.com.mx\/index.php?rest_route=\/wp\/v2\/posts"}],"about":[{"href":"https:\/\/encuentroinformativo.com.mx\/index.php?rest_route=\/wp\/v2\/types\/post"}],"author":[{"embeddable":true,"href":"https:\/\/encuentroinformativo.com.mx\/index.php?rest_route=\/wp\/v2\/users\/1"}],"replies":[{"embeddable":true,"href":"https:\/\/encuentroinformativo.com.mx\/index.php?rest_route=%2Fwp%2Fv2%2Fcomments&post=17014"}],"version-history":[{"count":1,"href":"https:\/\/encuentroinformativo.com.mx\/index.php?rest_route=\/wp\/v2\/posts\/17014\/revisions"}],"predecessor-version":[{"id":17016,"href":"https:\/\/encuentroinformativo.com.mx\/index.php?rest_route=\/wp\/v2\/posts\/17014\/revisions\/17016"}],"wp:featuredmedia":[{"embeddable":true,"href":"https:\/\/encuentroinformativo.com.mx\/index.php?rest_route=\/wp\/v2\/media\/17015"}],"wp:attachment":[{"href":"https:\/\/encuentroinformativo.com.mx\/index.php?rest_route=%2Fwp%2Fv2%2Fmedia&parent=17014"}],"wp:term":[{"taxonomy":"category","embeddable":true,"href":"https:\/\/encuentroinformativo.com.mx\/index.php?rest_route=%2Fwp%2Fv2%2Fcategories&post=17014"},{"taxonomy":"post_tag","embeddable":true,"href":"https:\/\/encuentroinformativo.com.mx\/index.php?rest_route=%2Fwp%2Fv2%2Ftags&post=17014"}],"curies":[{"name":"wp","href":"https:\/\/api.w.org\/{rel}","templated":true}]}}