{"id":17017,"date":"2021-08-02T09:11:21","date_gmt":"2021-08-02T14:11:21","guid":{"rendered":"https:\/\/encuentroinformativo.com.mx\/?p=17017"},"modified":"2021-08-02T09:11:24","modified_gmt":"2021-08-02T14:11:24","slug":"consulta-popular","status":"publish","type":"post","link":"https:\/\/encuentroinformativo.com.mx\/?p=17017","title":{"rendered":"Consulta Popular"},"content":{"rendered":"\n<p><strong>Los Pol\u00edticos<\/strong><\/p>\n\n\n\n<p><strong>Salvador Mu\u00f1oz<\/strong><\/p>\n\n\n\n<p>Por supuesto que la participaci\u00f3n ciudadana es importante y hay que celebrar el ejercicio democr\u00e1tico que significa, como ser respetuoso de amigos, amigas, vecinos y conocidos que acudieron ayer a ejercer o no su derecho.<\/p>\n\n\n\n<p>No comparto para nada el insulto para quienes participaron\u2026 en otras circunstancias, si el PRI gobernara, ser\u00edan los pri\u00edstas los que estuvieran en las urnas\u2026 o los panistas\u2026 o los de Movimiento Ciudadano\u2026 \u00a1ah! Los de Dante Delgado s\u00ed acudieron a votar apostando a su congruencia. As\u00ed lo dijeron.<\/p>\n\n\n\n<p>Tampoco comparto esa idea de que quienes no acudimos, \u201cdesaprovechamos\u201d la oportunidad de ejercer nuestro derecho, pero por m\u00e1s que le\u00ed y rele\u00ed tanto la pregunta que iba a ser tema de la Consulta Popular, nom\u00e1s no me convenci\u00f3:<\/p>\n\n\n\n<p>&#8220;\u00bfEst\u00e1s de acuerdo o no en que se lleven a cabo las acciones pertinentes con apego al marco constitucional y legal, para emprender un proceso de esclarecimiento de las decisiones pol\u00edticas tomadas en los a\u00f1os pasados por los actores pol\u00edticos, encaminado a garantizar la justicia y los derechos de las posibles v\u00edctimas?&#8221;<\/p>\n\n\n\n<p>\u201cLos a\u00f1os pasados\u201d&#8230; \u00bfa cu\u00e1ntos se refieren? \u00bfAlcanza para llevar a juicio a la Malinche por traici\u00f3n a la patria? \u00bfA los tlaxcaltecas y toda su descendencia\u2026 \u00a1aguas Beatriz Paredes!? \u00bfLos aires imperialistas de Agust\u00edn I mejor conocido como Agust\u00edn de Iturbide? \u00bfLorenzo de Zavala y su apoyo separatista de Texas? \u00bfBenito Ju\u00e1rez y su tratado McLane-Ocampo? \u00bfNuestro villano favorito, el xalape\u00f1o Santa Anna? \u00bfPorfirio D\u00edaz? \u00bfMiguel Alem\u00e1n? \u00bfD\u00edaz Ordaz?<\/p>\n\n\n\n<p>S\u00ed, ya est\u00e1n muertos\u2026 lo s\u00e9\u2026 pero la pregunta no se refiere si est\u00e1n vivos o muertos; si prescribi\u00f3 el delito imputable o no; aunque eso s\u00ed, al menos algunos de ellos, chingaron a mi abuelito y a sus pap\u00e1s y el cuero, pues no deja de doler. Otros, como L\u00f3pez Portillo y Echeverr\u00eda acu\u00f1aron en mi memoria la palabra \u201ccrisis\u201d y la tronadera de dedos de mi madre.<\/p>\n\n\n\n<p>En el caso de Salinas de Gortari, cuando se le cay\u00f3 el sistema a Manuel Bartlett, recuerdo a una maestra que nos pidi\u00f3 reunirnos un a\u00f1o despu\u00e9s de las elecciones para ver c\u00f3mo estaba el pa\u00eds\u2026 No s\u00e9 si mis dem\u00e1s compa\u00f1eros de Proped\u00e9utico acudieron a su llamado. \u00bfEl juicio alcanza a Bartlett o \u00e9ste ya alcanz\u00f3 el Perd\u00f3n y Ovidio? Con Zedillo se pulveriz\u00f3 mi salario\u2026&nbsp;<\/p>\n\n\n\n<p>\u00bfSueno incongruente? Quiz\u00e1s, pero me dejo llevar por la pregunta que gener\u00f3 la Consulta\u2026<\/p>\n\n\n\n<p>No estoy en contra de las pretensiones de llevar a juicio a ex presidentes, ex gobernadores, ex alcaldes, siempre y cuando se lleve a cabo con sustento legal, digo, para evitar Fuenteovejunas o Pilatos lav\u00e1ndose las manos. \u00bfA qu\u00e9 voy? Es que una vez que se hace la propuesta de Consulta, llevarla a expertos en el tema para ver si procede o no su realizaci\u00f3n as\u00ed como sus posibles resultados y entonces evitar el uso de recursos materiales, tiempo y dinero y no hacer de este ejercicio democr\u00e1tico, un pobre show, cuando \u00e9stos ya los tenemos todos los d\u00edas en una Ma\u00f1anera.<\/p>\n\n\n\n<p>Sea cual fuere el resultado de este ensayo de Consulta, nos debe dejar como lecci\u00f3n una cosa sumamente importante que va m\u00e1s all\u00e1 de la oportunidad gloriosa de la participaci\u00f3n ciudadana: no porque sea de inter\u00e9s general, quiera decir que se haga uso de este derecho de manera holgada, porque si no se le da su debida proporci\u00f3n a la Consulta, la siguiente ocasi\u00f3n estaremos decidiendo si deben volver los ni\u00f1os a la escuela en plena pandemia o no\u2026<\/p>\n\n\n\n<p><a href=\"mailto:smcainito@gmail.com\" target=\"_blank\" rel=\"noreferrer noopener\">smcainito@gmail.com<\/a><\/p>\n","protected":false},"excerpt":{"rendered":"<p>Los Pol\u00edticos Salvador Mu\u00f1oz Por supuesto que la participaci\u00f3n ciudadana es importante y hay que celebrar el ejercicio democr\u00e1tico que significa, como ser respetuoso de amigos, amigas, vecinos y conocidos que acudieron ayer a ejercer o no su derecho. No comparto para nada el insulto para quienes participaron\u2026 en otras circunstancias, si el PRI gobernara, [&hellip;]<\/p>\n","protected":false},"author":1,"featured_media":387,"comment_status":"open","ping_status":"open","sticky":false,"template":"","format":"standard","meta":{"_jetpack_memberships_contains_paid_content":false,"footnotes":""},"categories":[11],"tags":[],"class_list":["post-17017","post","type-post","status-publish","format-standard","has-post-thumbnail","hentry","category-opinion"],"jetpack_featured_media_url":"https:\/\/encuentroinformativo.com.mx\/wp-content\/uploads\/2020\/03\/7CF8A22B-2764-47BE-8F7F-38FE9E5D6A2F.jpeg","jetpack_sharing_enabled":true,"jetpack_likes_enabled":true,"amp_enabled":true,"_links":{"self":[{"href":"https:\/\/encuentroinformativo.com.mx\/index.php?rest_route=\/wp\/v2\/posts\/17017","targetHints":{"allow":["GET"]}}],"collection":[{"href":"https:\/\/encuentroinformativo.com.mx\/index.php?rest_route=\/wp\/v2\/posts"}],"about":[{"href":"https:\/\/encuentroinformativo.com.mx\/index.php?rest_route=\/wp\/v2\/types\/post"}],"author":[{"embeddable":true,"href":"https:\/\/encuentroinformativo.com.mx\/index.php?rest_route=\/wp\/v2\/users\/1"}],"replies":[{"embeddable":true,"href":"https:\/\/encuentroinformativo.com.mx\/index.php?rest_route=%2Fwp%2Fv2%2Fcomments&post=17017"}],"version-history":[{"count":1,"href":"https:\/\/encuentroinformativo.com.mx\/index.php?rest_route=\/wp\/v2\/posts\/17017\/revisions"}],"predecessor-version":[{"id":17018,"href":"https:\/\/encuentroinformativo.com.mx\/index.php?rest_route=\/wp\/v2\/posts\/17017\/revisions\/17018"}],"wp:featuredmedia":[{"embeddable":true,"href":"https:\/\/encuentroinformativo.com.mx\/index.php?rest_route=\/wp\/v2\/media\/387"}],"wp:attachment":[{"href":"https:\/\/encuentroinformativo.com.mx\/index.php?rest_route=%2Fwp%2Fv2%2Fmedia&parent=17017"}],"wp:term":[{"taxonomy":"category","embeddable":true,"href":"https:\/\/encuentroinformativo.com.mx\/index.php?rest_route=%2Fwp%2Fv2%2Fcategories&post=17017"},{"taxonomy":"post_tag","embeddable":true,"href":"https:\/\/encuentroinformativo.com.mx\/index.php?rest_route=%2Fwp%2Fv2%2Ftags&post=17017"}],"curies":[{"name":"wp","href":"https:\/\/api.w.org\/{rel}","templated":true}]}}