{"id":17019,"date":"2021-08-02T10:22:59","date_gmt":"2021-08-02T15:22:59","guid":{"rendered":"https:\/\/encuentroinformativo.com.mx\/?p=17019"},"modified":"2021-08-02T10:23:02","modified_gmt":"2021-08-02T15:23:02","slug":"eeeel-gaaaaaaaaaaas","status":"publish","type":"post","link":"https:\/\/encuentroinformativo.com.mx\/?p=17019","title":{"rendered":"EEEEL GAAAAAAAAAAAS"},"content":{"rendered":"\n<p><strong>ColumnaSinNombre<br>@pablojair<\/strong><\/p>\n\n\n\n<ul class=\"wp-block-list\"><li>En 30 municipios no se instalaron casillas.<\/li><li>Sitios de esparcimiento, los de mayor contagio.<\/li><li>\u00bfHabr\u00e1 habido apat\u00eda a la consulta popular?<\/li><\/ul>\n\n\n\n<p>Deber\u00edan inventar la medalla de cobre para el cuarto lugar.<br>Ser\u00edamos unos cracks en los Juegos Ol\u00edmpicos.<br>&#8211;Chopenjawer<\/p>\n\n\n\n<p>El lunes 26 de julio, en la conferencia ma\u00f1anera que se hizo desde el puerto de Veracruz, le pregunt\u00e9 al presidente Andr\u00e9s Manuel L\u00f3pez Obrador (no se enojen, compitas) sobre el tema del Gas LP, m\u00e1xime porque en esos momentos ya los precios se estaban disparando no s\u00f3lo en la entidad, sino en todo el pa\u00eds.<\/p>\n\n\n\n<p>El asunto es que al no estar regulados, pareciera que estamos regresando a la \u00e9poca donde los industriales son los que ponen los precios; algo as\u00ed como lo que hac\u00edan los magnates del caf\u00e9 durante el siglo pasado, quienes acordaban cu\u00e1nto iba a costar tal medida y el gobierno ten\u00eda que aceptarlo. As\u00ed se hicieron muchas fortunas.<\/p>\n\n\n\n<p>De hecho, L\u00f3pez Obrador revel\u00f3 que hay 5 empresas que han monopolizado la distribuci\u00f3n del gas en todo el pa\u00eds, y que pese a que en los mercados internacionales ha bajado el precio, estas cinco empresas siguen vendiendo m\u00e1s caro.<\/p>\n\n\n\n<p>Ah\u00ed anunci\u00f3 que primero se establecer\u00e1 un precio m\u00e1ximo y luego entrar\u00e1 el proyecto llamado &#8220;Gas Bienestar&#8221;.<\/p>\n\n\n\n<p>Pues el tema s\u00ed fue tomado en cuenta por el presidente, porque este domingo la secretaria de Energ\u00eda, Roc\u00edo Nahle Garc\u00eda, (entrevistada en Coatzacoalcos al momento de emitir su opini\u00f3n en la consulta popular) inform\u00f3 que a partir de este 2 de agosto entrar\u00e1 en vigor la regulaci\u00f3n de precios m\u00e1ximos permitidos para la venta del gas Licuado de Petr\u00f3leo (LP) en el pa\u00eds.<\/p>\n\n\n\n<p>&#8220;A partir de ma\u00f1ana comenzamos, por qu\u00e9 ustedes saben que el precio del gas LP se increment\u00f3 considerablemente con la Reforma Energ\u00e9tica pero ya lleg\u00f3 a un aumento que nos afecta a los bolsillos de los mexicanos y eso se ve reflejado en la inflaci\u00f3n y se estuvo trabajando para marcar un tope m\u00e1ximo&#8221;, subray\u00f3 la funcionaria federal, quien por cierto suena como la aspirante m\u00e1s fuerte a la gubernatura de Veracruz en 2024.<\/p>\n\n\n\n<p>Para Veracruz, donde actualmente el costo por kilo del gas LP es de 28 pesos, disminuir\u00e1 a 21.11 pesos. Tendr\u00e1 una vigencia de seis meses.<\/p>\n\n\n\n<p>&#8220;Es por una emergencia y para ayudar a la poblaci\u00f3n y vamos a ver c\u00f3mo se comporta a partir del lunes&#8221;, coment\u00f3.<\/p>\n\n\n\n<p>De acuerdo a Nahle Garc\u00eda, son 145 precios propuestos para el gas por parte de la Comisi\u00f3n Reguladora de Energ\u00eda, ya que depender\u00e1 de cada zona de la rep\u00fablica.<\/p>\n\n\n\n<p>Pero volviendo a la conferencia ma\u00f1anera, el presidente L\u00f3pez Obrador tambi\u00e9n habl\u00f3 del tan anunciado &#8220;Gas Bienestar&#8221; y dijo que esto ser\u00e1 m\u00e1s o menos en dos meses e iniciar\u00e1 en la alcald\u00eda de Iztapalapa de la Ciudad de M\u00e9xico; ah\u00ed se ir\u00e1 distribuyendo de manera gradual a otras ciudades del pa\u00eds, entre ellas Xalapa, Veracruz y Boca del R\u00edo, entre otras.<\/p>\n\n\n\n<p>Ya de entrada ese anunci\u00f3 gener\u00f3 reacciones, porque hubo intentos por parte de otras personas de registrar el nombre ante la Secretar\u00eda de Econom\u00eda; oficialmente el programa se llamar\u00e1 &#8220;Gas Bienestar&#8221; y ser\u00e1 coordinado por Petr\u00f3leos Mexicanos (Pemex).<\/p>\n\n\n\n<p>A ver c\u00f3mo nos va con eso de los nuevos precios.<\/p>\n\n\n\n<p><strong>NOTA PARA PEGAR EN EL REFRI:<\/strong> La ma\u00f1ana de este domingo, el gobernador Cuitl\u00e1huac Garc\u00eda Jim\u00e9nez acudi\u00f3 a emitir su opini\u00f3n por la Consulta Popular, donde tambi\u00e9n lament\u00f3 que s\u00f3lo fueron instaladas un tercio de las casillas que normalmente se instalan en el estado, adem\u00e1s de que en 30 municipios no instalaron ninguna casilla\u2026 Por cierto, poco despu\u00e9s de la una de la ma\u00f1ana, ya se contabilizaba una participaci\u00f3n del 8% de votantes en Veracruz; aproximadamente medio mill\u00f3n de opiniones de un universo de 5 millones 989 mil 973 de la Lista Nominal<\/p>\n\n\n\n<p><strong>OTRA NOTA: <\/strong>Lo que informa el bolet\u00edn de la Secretar\u00eda de Salud respecto a la pandemia: &#8220;Con la actualizaci\u00f3n del Sem\u00e1foro Epid\u00e9mico Estatal, vigente del 02 al 15 de agosto, deben reforzarse las medidas sanitarias, principalmente en los sitios de esparcimiento, ya que es donde hay m\u00e1s propagaci\u00f3n de la enfermedad. En las \u00faltimas semanas la poblaci\u00f3n adolescente se ha visto afectada, presentando cuadros cr\u00edticos que incluso ponen en peligro la vida; los j\u00f3venes pueden llevar el virus a casa y contagiar a los familiares, pero gracias a la protecci\u00f3n de las vacunas no ven comprometida su salud. El exhorto es a no desentenderse de los cuidados preventivos, pues mucha gente presenta diferentes comorbilidades que implican un riesgo mayor. Tocante a quienes visitan las playas en estas vacaciones, el llamado es a obedecer lo establecido por las autoridades en dichas zonas. De igual manera, a bares, centros nocturnos o antros a que hagan lo correspondiente a fin de evitar transmisiones entre clientes y trabajadores\u201d.<\/p>\n\n\n\n<p><strong>LA \u00daLTIMA PARA TERMINAR DE VER LA SERIE DE HARLEY QUINN: <\/strong>Habr\u00e1 sido apat\u00eda o porque simplemente no era una elecci\u00f3n para representantes populares, pero la consulta realizada este domingo no tuvo una participaci\u00f3n tan fuerte como s\u00ed lo fueron los comicios del pasado 6 de junio. De hecho, para ser un domingo cualquiera, la gente atiborr\u00f3 m\u00e1s las filas de restaurantes o puestos de comida, pero no acudi\u00f3 a la consulta\u2026 Tampoco hay que verlo todo malo: fue un ejercicio democr\u00e1tico que debe dejar precedente para que la poblaci\u00f3n participe en asuntos de inter\u00e9s nacional, aunque deber\u00eda pensarse si en lugar de consultar no ser\u00eda mejor ejercer el poder que se le han conferido a las autoridades por parte de sus representados.<\/p>\n","protected":false},"excerpt":{"rendered":"<p>ColumnaSinNombre@pablojair En 30 municipios no se instalaron casillas. Sitios de esparcimiento, los de mayor contagio. \u00bfHabr\u00e1 habido apat\u00eda a la consulta popular? Deber\u00edan inventar la medalla de cobre para el cuarto lugar.Ser\u00edamos unos cracks en los Juegos Ol\u00edmpicos.&#8211;Chopenjawer El lunes 26 de julio, en la conferencia ma\u00f1anera que se hizo desde el puerto de Veracruz, [&hellip;]<\/p>\n","protected":false},"author":1,"featured_media":488,"comment_status":"open","ping_status":"open","sticky":false,"template":"","format":"standard","meta":{"_jetpack_memberships_contains_paid_content":false,"footnotes":""},"categories":[11],"tags":[],"class_list":["post-17019","post","type-post","status-publish","format-standard","has-post-thumbnail","hentry","category-opinion"],"jetpack_featured_media_url":"https:\/\/encuentroinformativo.com.mx\/wp-content\/uploads\/2020\/03\/F471F608-BA1A-416B-BA7B-BCFB24F4E6D0.jpeg","jetpack_sharing_enabled":true,"jetpack_likes_enabled":true,"amp_enabled":true,"_links":{"self":[{"href":"https:\/\/encuentroinformativo.com.mx\/index.php?rest_route=\/wp\/v2\/posts\/17019","targetHints":{"allow":["GET"]}}],"collection":[{"href":"https:\/\/encuentroinformativo.com.mx\/index.php?rest_route=\/wp\/v2\/posts"}],"about":[{"href":"https:\/\/encuentroinformativo.com.mx\/index.php?rest_route=\/wp\/v2\/types\/post"}],"author":[{"embeddable":true,"href":"https:\/\/encuentroinformativo.com.mx\/index.php?rest_route=\/wp\/v2\/users\/1"}],"replies":[{"embeddable":true,"href":"https:\/\/encuentroinformativo.com.mx\/index.php?rest_route=%2Fwp%2Fv2%2Fcomments&post=17019"}],"version-history":[{"count":1,"href":"https:\/\/encuentroinformativo.com.mx\/index.php?rest_route=\/wp\/v2\/posts\/17019\/revisions"}],"predecessor-version":[{"id":17020,"href":"https:\/\/encuentroinformativo.com.mx\/index.php?rest_route=\/wp\/v2\/posts\/17019\/revisions\/17020"}],"wp:featuredmedia":[{"embeddable":true,"href":"https:\/\/encuentroinformativo.com.mx\/index.php?rest_route=\/wp\/v2\/media\/488"}],"wp:attachment":[{"href":"https:\/\/encuentroinformativo.com.mx\/index.php?rest_route=%2Fwp%2Fv2%2Fmedia&parent=17019"}],"wp:term":[{"taxonomy":"category","embeddable":true,"href":"https:\/\/encuentroinformativo.com.mx\/index.php?rest_route=%2Fwp%2Fv2%2Fcategories&post=17019"},{"taxonomy":"post_tag","embeddable":true,"href":"https:\/\/encuentroinformativo.com.mx\/index.php?rest_route=%2Fwp%2Fv2%2Ftags&post=17019"}],"curies":[{"name":"wp","href":"https:\/\/api.w.org\/{rel}","templated":true}]}}