{"id":17024,"date":"2021-08-02T13:05:53","date_gmt":"2021-08-02T18:05:53","guid":{"rendered":"https:\/\/encuentroinformativo.com.mx\/?p=17024"},"modified":"2021-08-02T13:05:56","modified_gmt":"2021-08-02T18:05:56","slug":"signara-gobierno-convenio-con-naciones-unidas-para-capacitacion-de-ediles","status":"publish","type":"post","link":"https:\/\/encuentroinformativo.com.mx\/?p=17024","title":{"rendered":"Signar\u00e1 Gobierno convenio con Naciones Unidas para capacitaci\u00f3n de ediles"},"content":{"rendered":"\n<p><strong>Dar\u00edo Pale<\/strong><\/p>\n\n\n\n<p>Xalapa, Ver.- La jefa de la Oficina de Programa de Gobierno, Waltraud Mart\u00ednez Olvera, dio a conocer que el Gobierno de Veracruz firmar\u00e1 un acuerdo con el Programa de las Naciones Unidas con el cual se va a capacitar a todas las autoridades electas para la realizaci\u00f3n de los planes municipales de desarrollo en apego al desarrollo sostenido.<\/p>\n\n\n\n<p>En entrevistada se\u00f1al\u00f3 que el pr\u00f3ximo martes ser\u00e1 cuando se realice dicho acuerdo, y ser\u00e1 despu\u00e9s de la firma cuando se comiencen a realizar giras en todo el estado para invitar a los alcaldes electos a tomar la capacitaci\u00f3n y as\u00ed poder tener sus planes enfocados a la Agenda 20-30 y el Plan Veracruzano del Desarrollo.<\/p>\n\n\n\n<p>\u201cHaremos un trabajo de invitaci\u00f3n, de colaboraci\u00f3n, con las autoridades municipales, precisamente para que formen parte de esta capacitaci\u00f3n y que sus planes, o sea, la primera programaci\u00f3n\/planeaci\u00f3n en sus municipios, ya sea alineada tanto al Plan Veracruzano como con enfoque a la Agenda 20-30\u201d, se\u00f1al\u00f3.<\/p>\n\n\n\n<p>Dio a conocer que en estas giras por Veracruz, se sumar\u00e1n tambi\u00e9n autoridades de otras \u00e1reas y organismos, que tienen que ver con los manejos adecuados de recursos y programas, para as\u00ed poder trabajar en coordinaci\u00f3n entre los diferentes niveles de gobierno.<\/p>\n\n\n\n<p>Finalmente dio a conocer que ya se encuentran trabajando en la primera versi\u00f3n del Tercer Informe de Gobierno de Cuitl\u00e1huac Garc\u00eda Jim\u00e9nez y en este mes de agosto se entregan los avances para que \u00e9l mismo d\u00e9 visto bueno, para que sea entregado ante el Congreso en noviembre, como lo marca la ley.<\/p>\n","protected":false},"excerpt":{"rendered":"<p>Dar\u00edo Pale Xalapa, Ver.- La jefa de la Oficina de Programa de Gobierno, Waltraud Mart\u00ednez Olvera, dio a conocer que el Gobierno de Veracruz firmar\u00e1 un acuerdo con el Programa de las Naciones Unidas con el cual se va a capacitar a todas las autoridades electas para la realizaci\u00f3n de los planes municipales de desarrollo [&hellip;]<\/p>\n","protected":false},"author":1,"featured_media":17025,"comment_status":"open","ping_status":"open","sticky":false,"template":"","format":"standard","meta":{"_jetpack_memberships_contains_paid_content":false,"footnotes":""},"categories":[2],"tags":[],"class_list":["post-17024","post","type-post","status-publish","format-standard","has-post-thumbnail","hentry","category-estado"],"jetpack_featured_media_url":"https:\/\/encuentroinformativo.com.mx\/wp-content\/uploads\/2021\/08\/5CC64A3E-3196-4E51-9AFA-DDECFCFF5834.jpeg","jetpack_sharing_enabled":true,"jetpack_likes_enabled":true,"amp_enabled":true,"_links":{"self":[{"href":"https:\/\/encuentroinformativo.com.mx\/index.php?rest_route=\/wp\/v2\/posts\/17024","targetHints":{"allow":["GET"]}}],"collection":[{"href":"https:\/\/encuentroinformativo.com.mx\/index.php?rest_route=\/wp\/v2\/posts"}],"about":[{"href":"https:\/\/encuentroinformativo.com.mx\/index.php?rest_route=\/wp\/v2\/types\/post"}],"author":[{"embeddable":true,"href":"https:\/\/encuentroinformativo.com.mx\/index.php?rest_route=\/wp\/v2\/users\/1"}],"replies":[{"embeddable":true,"href":"https:\/\/encuentroinformativo.com.mx\/index.php?rest_route=%2Fwp%2Fv2%2Fcomments&post=17024"}],"version-history":[{"count":1,"href":"https:\/\/encuentroinformativo.com.mx\/index.php?rest_route=\/wp\/v2\/posts\/17024\/revisions"}],"predecessor-version":[{"id":17026,"href":"https:\/\/encuentroinformativo.com.mx\/index.php?rest_route=\/wp\/v2\/posts\/17024\/revisions\/17026"}],"wp:featuredmedia":[{"embeddable":true,"href":"https:\/\/encuentroinformativo.com.mx\/index.php?rest_route=\/wp\/v2\/media\/17025"}],"wp:attachment":[{"href":"https:\/\/encuentroinformativo.com.mx\/index.php?rest_route=%2Fwp%2Fv2%2Fmedia&parent=17024"}],"wp:term":[{"taxonomy":"category","embeddable":true,"href":"https:\/\/encuentroinformativo.com.mx\/index.php?rest_route=%2Fwp%2Fv2%2Fcategories&post=17024"},{"taxonomy":"post_tag","embeddable":true,"href":"https:\/\/encuentroinformativo.com.mx\/index.php?rest_route=%2Fwp%2Fv2%2Ftags&post=17024"}],"curies":[{"name":"wp","href":"https:\/\/api.w.org\/{rel}","templated":true}]}}