{"id":17027,"date":"2021-08-02T13:22:58","date_gmt":"2021-08-02T18:22:58","guid":{"rendered":"https:\/\/encuentroinformativo.com.mx\/?p=17027"},"modified":"2021-08-02T13:23:02","modified_gmt":"2021-08-02T18:23:02","slug":"inician-vendedores-ambulantes-planton-indefinido","status":"publish","type":"post","link":"https:\/\/encuentroinformativo.com.mx\/?p=17027","title":{"rendered":"Inician vendedores ambulantes plant\u00f3n indefinido"},"content":{"rendered":"\n<p><strong>Juan Arcos<\/strong><\/p>\n\n\n\n<p>Xalapa, Ver.- Vendedores ambulantes protestaron en Plaza Sebasti\u00e1n Lerdo de Tejada, en rechazo al constante hostigamiento que padecen por parte de inspectores de comercio.<\/p>\n\n\n\n<p>Se trata de integrantes del Frente \u00danico de Vendedores Ambulantes, que est\u00e1 conformado por diversas organizaciones, entre ellas, Vendedores Independientes Veracruzanos (VIVE), Frente Popular Veracruzano (FPR) y Movimiento Independiente de Lucha de Emergencia Social (MILES).\u00a0<\/p>\n\n\n\n<p>Cabe recordar que estas personas marcharon en el centro de la ciudad, el pasado 26 de julio, para exigir que cese dicha situaci\u00f3n.&nbsp;<\/p>\n\n\n\n<p>En esta ocasi\u00f3n, colocaron carpas sobre la plaza p\u00fablica, para realizar un plant\u00f3n por tiempo indefinido, en busca de una respuesta favorable por parte de las autoridades municipales.<\/p>\n\n\n\n<p>La comerciante Ang\u00e9lica Rivas Ort\u00edz denunci\u00f3 que fue retirado su puesto en la zona del mercado Los Sauces, sin ning\u00fan argumento v\u00e1lido.<\/p>\n\n\n\n<p>\u201cEl ayuntamiento dec\u00eda que fueron retirados los puestos porque no los trabaj\u00e1bamos y efectivamente tuvimos que salir muchos de ah\u00ed, cuando retiraron los camiones Exc\u00e9lsior, tambi\u00e9n a la gente de la cl\u00ednica 66 del IMSS, por lo mismo de la pandemia, en ese momento, no hab\u00eda ventas\u201d.<\/p>\n\n\n\n<p>La entrevistada mencion\u00f3 que el Departamento de Inspecci\u00f3n y Atenci\u00f3n Comercial (DIAC) no les ha permitido trabajar, de manera normal.<\/p>\n\n\n\n<p>\u201cLa verdad es el lugar donde uno trabaja, para pagar el internet para clases en l\u00ednea y muchos gastos m\u00e1s\u201d, enfatiz\u00f3.<\/p>\n\n\n\n<p>Otras personas acusaron que los inspectores de comercio pretenden desalojar sus puestos de trabajo en las inmediaciones de una plaza comercial, ubicada entre las avenidas Chedraui Caram y L\u00e1zaro C\u00e1rdenas.<\/p>\n\n\n\n<figure class=\"wp-block-image size-large\"><img loading=\"lazy\" decoding=\"async\" width=\"1024\" height=\"598\" src=\"https:\/\/encuentroinformativo.com.mx\/wp-content\/uploads\/2021\/08\/6A9889D5-9ABF-465C-90DC-54FB3899B57D-1024x598.jpeg\" alt=\"\" class=\"wp-image-17029\" srcset=\"https:\/\/encuentroinformativo.com.mx\/wp-content\/uploads\/2021\/08\/6A9889D5-9ABF-465C-90DC-54FB3899B57D-1024x598.jpeg 1024w, https:\/\/encuentroinformativo.com.mx\/wp-content\/uploads\/2021\/08\/6A9889D5-9ABF-465C-90DC-54FB3899B57D-300x175.jpeg 300w, https:\/\/encuentroinformativo.com.mx\/wp-content\/uploads\/2021\/08\/6A9889D5-9ABF-465C-90DC-54FB3899B57D-768x449.jpeg 768w, https:\/\/encuentroinformativo.com.mx\/wp-content\/uploads\/2021\/08\/6A9889D5-9ABF-465C-90DC-54FB3899B57D.jpeg 1523w\" sizes=\"auto, (max-width: 1024px) 100vw, 1024px\" \/><\/figure>\n","protected":false},"excerpt":{"rendered":"<p>Juan Arcos Xalapa, Ver.- Vendedores ambulantes protestaron en Plaza Sebasti\u00e1n Lerdo de Tejada, en rechazo al constante hostigamiento que padecen por parte de inspectores de comercio. Se trata de integrantes del Frente \u00danico de Vendedores Ambulantes, que est\u00e1 conformado por diversas organizaciones, entre ellas, Vendedores Independientes Veracruzanos (VIVE), Frente Popular Veracruzano (FPR) y Movimiento Independiente [&hellip;]<\/p>\n","protected":false},"author":1,"featured_media":17028,"comment_status":"open","ping_status":"open","sticky":false,"template":"","format":"standard","meta":{"_jetpack_memberships_contains_paid_content":false,"footnotes":""},"categories":[3],"tags":[],"class_list":["post-17027","post","type-post","status-publish","format-standard","has-post-thumbnail","hentry","category-xalapa"],"jetpack_featured_media_url":"https:\/\/encuentroinformativo.com.mx\/wp-content\/uploads\/2021\/08\/F4CDCBA4-0D21-450A-B7FE-EAF6F360D620.jpeg","jetpack_sharing_enabled":true,"jetpack_likes_enabled":true,"amp_enabled":true,"_links":{"self":[{"href":"https:\/\/encuentroinformativo.com.mx\/index.php?rest_route=\/wp\/v2\/posts\/17027","targetHints":{"allow":["GET"]}}],"collection":[{"href":"https:\/\/encuentroinformativo.com.mx\/index.php?rest_route=\/wp\/v2\/posts"}],"about":[{"href":"https:\/\/encuentroinformativo.com.mx\/index.php?rest_route=\/wp\/v2\/types\/post"}],"author":[{"embeddable":true,"href":"https:\/\/encuentroinformativo.com.mx\/index.php?rest_route=\/wp\/v2\/users\/1"}],"replies":[{"embeddable":true,"href":"https:\/\/encuentroinformativo.com.mx\/index.php?rest_route=%2Fwp%2Fv2%2Fcomments&post=17027"}],"version-history":[{"count":1,"href":"https:\/\/encuentroinformativo.com.mx\/index.php?rest_route=\/wp\/v2\/posts\/17027\/revisions"}],"predecessor-version":[{"id":17030,"href":"https:\/\/encuentroinformativo.com.mx\/index.php?rest_route=\/wp\/v2\/posts\/17027\/revisions\/17030"}],"wp:featuredmedia":[{"embeddable":true,"href":"https:\/\/encuentroinformativo.com.mx\/index.php?rest_route=\/wp\/v2\/media\/17028"}],"wp:attachment":[{"href":"https:\/\/encuentroinformativo.com.mx\/index.php?rest_route=%2Fwp%2Fv2%2Fmedia&parent=17027"}],"wp:term":[{"taxonomy":"category","embeddable":true,"href":"https:\/\/encuentroinformativo.com.mx\/index.php?rest_route=%2Fwp%2Fv2%2Fcategories&post=17027"},{"taxonomy":"post_tag","embeddable":true,"href":"https:\/\/encuentroinformativo.com.mx\/index.php?rest_route=%2Fwp%2Fv2%2Ftags&post=17027"}],"curies":[{"name":"wp","href":"https:\/\/api.w.org\/{rel}","templated":true}]}}