{"id":17040,"date":"2021-08-02T17:02:23","date_gmt":"2021-08-02T22:02:23","guid":{"rendered":"https:\/\/encuentroinformativo.com.mx\/?p=17040"},"modified":"2021-08-02T17:02:26","modified_gmt":"2021-08-02T22:02:26","slug":"se-deslinda-gobernador-de-observaciones-a-cuenta-publica","status":"publish","type":"post","link":"https:\/\/encuentroinformativo.com.mx\/?p=17040","title":{"rendered":"Se deslinda Gobernador de observaciones a cuenta p\u00fablica"},"content":{"rendered":"\n<p><strong>Dar\u00edo Pale <\/strong><\/p>\n\n\n\n<p>Xalapa, Ver.- El gobernador del estado Cuitl\u00e1huac Garc\u00eda Jim\u00e9nez se deslind\u00f3 de las observaciones que realiz\u00f3 el Organo de Fiscalizaci\u00f3n Superior (ORFIS), de la cuenta p\u00fablica del 2019, \u00a0ya que seg\u00fan la mayor\u00eda no son del Poder Ejecutivo.<\/p>\n\n\n\n<p>En conferencia de prensa realizada en la sala de Banderas de palacio de Gobierno se\u00f1al\u00f3 que, &#8220;aqu\u00ed hay que aclarar, la gran mayor\u00eda no es nuestro, o sea la cuenta p\u00fablica incluye municipios&#8221;.<\/p>\n\n\n\n<p>De igual forma dio a conocer que en dichas observaciones por m\u00e1s de 460 millones de pesos se incluye a &#8220;dependencias&#8221; que no son del Ejecutivo, &#8220;del Ejecutivo no tengo el dato, estaba hoy por revisar cu\u00e1nto, son 500 millones, algo as\u00ed y los vamos a aclarar todos, sin problema. Esa es la respuesta&#8221;.<\/p>\n\n\n\n<p>En tanto que, el secretario de Finanzas, Jos\u00e9 Luis Lima Franco, acus\u00f3 que hubo falta de entendimiento y \u00a0comprensi\u00f3n de los auditores del \u00d3rgano de Fiscalizaci\u00f3n (ORFIS), &#8220;es una falta de entendimiento, comprensi\u00f3n por parte de los auditores que revisaron esa parte de la deuda p\u00fablica, pero creemos que sin ning\u00fan problema en la siguiente etapa se estar\u00e1n solventando dicha observaciones&#8221;.<\/p>\n\n\n\n<p>Expuso que hab\u00eda algunas observaciones referentes a la deuda deuda p\u00fablica, &#8220;Uno de los temas que m\u00e1s hemos puesto \u00e9nfasis es el de la deuda p\u00fablica, no es un tema en el que la Secretar\u00eda de Hacienda es muy meticulosa en la revisi\u00f3n&#8221;.<\/p>\n\n\n\n<p>Por \u00faltimo recalc\u00f3 que han hecho un manejo de acuerdo a la honestidad, transparencia y disciplina y como prueba est\u00e1n las calificadoras, el sem\u00e1foro de alertas o los \u00edndices de transparencia en donde han ido mejorando a\u00f1o con a\u00f1o, por lo que recalc\u00f3 que en la siguiente etapa de solventaci\u00f3n aclarar\u00e1n todo.<\/p>\n","protected":false},"excerpt":{"rendered":"<p>Dar\u00edo Pale Xalapa, Ver.- El gobernador del estado Cuitl\u00e1huac Garc\u00eda Jim\u00e9nez se deslind\u00f3 de las observaciones que realiz\u00f3 el Organo de Fiscalizaci\u00f3n Superior (ORFIS), de la cuenta p\u00fablica del 2019, \u00a0ya que seg\u00fan la mayor\u00eda no son del Poder Ejecutivo. En conferencia de prensa realizada en la sala de Banderas de palacio de Gobierno se\u00f1al\u00f3 [&hellip;]<\/p>\n","protected":false},"author":1,"featured_media":17041,"comment_status":"open","ping_status":"open","sticky":false,"template":"","format":"standard","meta":{"_jetpack_memberships_contains_paid_content":false,"footnotes":""},"categories":[2],"tags":[],"class_list":["post-17040","post","type-post","status-publish","format-standard","has-post-thumbnail","hentry","category-estado"],"jetpack_featured_media_url":"https:\/\/encuentroinformativo.com.mx\/wp-content\/uploads\/2021\/08\/D6686AEA-7E76-488E-A0E9-0C6AAEBC90B1.jpeg","jetpack_sharing_enabled":true,"jetpack_likes_enabled":true,"amp_enabled":true,"_links":{"self":[{"href":"https:\/\/encuentroinformativo.com.mx\/index.php?rest_route=\/wp\/v2\/posts\/17040","targetHints":{"allow":["GET"]}}],"collection":[{"href":"https:\/\/encuentroinformativo.com.mx\/index.php?rest_route=\/wp\/v2\/posts"}],"about":[{"href":"https:\/\/encuentroinformativo.com.mx\/index.php?rest_route=\/wp\/v2\/types\/post"}],"author":[{"embeddable":true,"href":"https:\/\/encuentroinformativo.com.mx\/index.php?rest_route=\/wp\/v2\/users\/1"}],"replies":[{"embeddable":true,"href":"https:\/\/encuentroinformativo.com.mx\/index.php?rest_route=%2Fwp%2Fv2%2Fcomments&post=17040"}],"version-history":[{"count":1,"href":"https:\/\/encuentroinformativo.com.mx\/index.php?rest_route=\/wp\/v2\/posts\/17040\/revisions"}],"predecessor-version":[{"id":17042,"href":"https:\/\/encuentroinformativo.com.mx\/index.php?rest_route=\/wp\/v2\/posts\/17040\/revisions\/17042"}],"wp:featuredmedia":[{"embeddable":true,"href":"https:\/\/encuentroinformativo.com.mx\/index.php?rest_route=\/wp\/v2\/media\/17041"}],"wp:attachment":[{"href":"https:\/\/encuentroinformativo.com.mx\/index.php?rest_route=%2Fwp%2Fv2%2Fmedia&parent=17040"}],"wp:term":[{"taxonomy":"category","embeddable":true,"href":"https:\/\/encuentroinformativo.com.mx\/index.php?rest_route=%2Fwp%2Fv2%2Fcategories&post=17040"},{"taxonomy":"post_tag","embeddable":true,"href":"https:\/\/encuentroinformativo.com.mx\/index.php?rest_route=%2Fwp%2Fv2%2Ftags&post=17040"}],"curies":[{"name":"wp","href":"https:\/\/api.w.org\/{rel}","templated":true}]}}