{"id":17043,"date":"2021-08-02T17:10:42","date_gmt":"2021-08-02T22:10:42","guid":{"rendered":"https:\/\/encuentroinformativo.com.mx\/?p=17043"},"modified":"2021-08-02T17:10:46","modified_gmt":"2021-08-02T22:10:46","slug":"reinician-trabajos-en-torre-de-veracruz-puerto","status":"publish","type":"post","link":"https:\/\/encuentroinformativo.com.mx\/?p=17043","title":{"rendered":"Reinician trabajos en Torre de Veracruz puerto"},"content":{"rendered":"\n<p><strong>Alejandro \u00c1vila<\/strong><\/p>\n\n\n\n<p>Veracruz, Ver.- A partir de este lunes, obreros que laboran en la Torre Arista (Torre Centro) reiniciaron sus labores de construcci\u00f3n de lo que ser\u00e1 un hotel boutique y edificio departamental detr\u00e1s del Faro &#8220;Venustiano Carranza&#8221; en Veracruz puerto.<\/p>\n\n\n\n<p>El 24 de junio personal de Protecci\u00f3n Civil de Gobierno del Estado, acudi\u00f3 al lugar para clausurar de manera temporal los trabajos de construcci\u00f3n en el pol\u00edgono del fraccionamiento Faros; esto, tras varios d\u00edas de alegatos medi\u00e1ticos entre el Gobierno Estatal y Municipal, por una queja del presidente Andr\u00e9s Manuel L\u00f3pez Obrador.<\/p>\n\n\n\n<p>Cabe recordar, que a inicios de junio, tras una visita del presidente de la rep\u00fablica, Andr\u00e9s Manuel L\u00f3pez Obrador a la Primera Regi\u00f3n Naval, el Ejecutivo federal, critic\u00f3 el tama\u00f1o de la Torre Arista y dijo que daba una mala imagen al centro hist\u00f3rico de Veracruz, desatando una serie de declaraciones entre adversarios pol\u00edticos y deslinde de responsabilidades de autoridades municipales, estatales y federales.<\/p>\n\n\n\n<p>El Ayuntamiento de Veracruz asegur\u00f3 que el edificio se encontraba fuera del primer cuadro de la ciudad y adem\u00e1s cumpl\u00eda con todos los requisitos para construcci\u00f3n; el Gobierno Estatal reclam\u00f3 tr\u00e1fico de influenzas para su construcci\u00f3n y orden\u00f3 a Protecci\u00f3n Civil supervisar documentaci\u00f3n; finalmente, la dependencia federal, Instituto Nacional de Antropolog\u00eda e Historia (INAH), se\u00f1al\u00f3 el inmueble no entra dentro de su jurisdicci\u00f3n, pues se sale de la zona de edificios a conservar.<\/p>\n\n\n\n<p>A pesar de que se busc\u00f3 la opini\u00f3n de la Secretar\u00eda de Protecci\u00f3n Civil para que diera informe del reinicio de trabajos, la dependencia estatal no ha dado informes al respecto.<\/p>\n","protected":false},"excerpt":{"rendered":"<p>Alejandro \u00c1vila Veracruz, Ver.- A partir de este lunes, obreros que laboran en la Torre Arista (Torre Centro) reiniciaron sus labores de construcci\u00f3n de lo que ser\u00e1 un hotel boutique y edificio departamental detr\u00e1s del Faro &#8220;Venustiano Carranza&#8221; en Veracruz puerto. El 24 de junio personal de Protecci\u00f3n Civil de Gobierno del Estado, acudi\u00f3 al [&hellip;]<\/p>\n","protected":false},"author":1,"featured_media":17044,"comment_status":"open","ping_status":"open","sticky":false,"template":"","format":"standard","meta":{"_jetpack_memberships_contains_paid_content":false,"footnotes":""},"categories":[2],"tags":[],"class_list":["post-17043","post","type-post","status-publish","format-standard","has-post-thumbnail","hentry","category-estado"],"jetpack_featured_media_url":"https:\/\/encuentroinformativo.com.mx\/wp-content\/uploads\/2021\/08\/B5B9DDBB-439D-4D47-9B75-4BF54CB7BE34.jpeg","jetpack_sharing_enabled":true,"jetpack_likes_enabled":true,"amp_enabled":true,"_links":{"self":[{"href":"https:\/\/encuentroinformativo.com.mx\/index.php?rest_route=\/wp\/v2\/posts\/17043","targetHints":{"allow":["GET"]}}],"collection":[{"href":"https:\/\/encuentroinformativo.com.mx\/index.php?rest_route=\/wp\/v2\/posts"}],"about":[{"href":"https:\/\/encuentroinformativo.com.mx\/index.php?rest_route=\/wp\/v2\/types\/post"}],"author":[{"embeddable":true,"href":"https:\/\/encuentroinformativo.com.mx\/index.php?rest_route=\/wp\/v2\/users\/1"}],"replies":[{"embeddable":true,"href":"https:\/\/encuentroinformativo.com.mx\/index.php?rest_route=%2Fwp%2Fv2%2Fcomments&post=17043"}],"version-history":[{"count":1,"href":"https:\/\/encuentroinformativo.com.mx\/index.php?rest_route=\/wp\/v2\/posts\/17043\/revisions"}],"predecessor-version":[{"id":17045,"href":"https:\/\/encuentroinformativo.com.mx\/index.php?rest_route=\/wp\/v2\/posts\/17043\/revisions\/17045"}],"wp:featuredmedia":[{"embeddable":true,"href":"https:\/\/encuentroinformativo.com.mx\/index.php?rest_route=\/wp\/v2\/media\/17044"}],"wp:attachment":[{"href":"https:\/\/encuentroinformativo.com.mx\/index.php?rest_route=%2Fwp%2Fv2%2Fmedia&parent=17043"}],"wp:term":[{"taxonomy":"category","embeddable":true,"href":"https:\/\/encuentroinformativo.com.mx\/index.php?rest_route=%2Fwp%2Fv2%2Fcategories&post=17043"},{"taxonomy":"post_tag","embeddable":true,"href":"https:\/\/encuentroinformativo.com.mx\/index.php?rest_route=%2Fwp%2Fv2%2Ftags&post=17043"}],"curies":[{"name":"wp","href":"https:\/\/api.w.org\/{rel}","templated":true}]}}