{"id":17046,"date":"2021-08-02T17:24:20","date_gmt":"2021-08-02T22:24:20","guid":{"rendered":"https:\/\/encuentroinformativo.com.mx\/?p=17046"},"modified":"2021-08-02T17:24:24","modified_gmt":"2021-08-02T22:24:24","slug":"festivales-gastronomicos-reactivan-economia-en-medellin-de-bravo","status":"publish","type":"post","link":"https:\/\/encuentroinformativo.com.mx\/?p=17046","title":{"rendered":"Festivales gastron\u00f3micos, reactivan econom\u00eda en Medell\u00edn de Bravo"},"content":{"rendered":"\n<p><strong>Alejandro \u00c1vila<\/strong><\/p>\n\n\n\n<p>Medell\u00edn de Bravo, Ver.- La reactivaci\u00f3n econ\u00f3mica a trav\u00e9s de festivales gastron\u00f3micos en Medell\u00edn de Bravo ha ido creciendo lento pero seguro, asegur\u00f3 el alcalde Hipolito Deschamps Espino Barros.<\/p>\n\n\n\n<p>El edil panista se\u00f1al\u00f3 que de manera gradual se ha incrementado el n\u00famero de visitantes de otros municipios vecinos, quienes conocen la gastronom\u00eda de Medell\u00edn de Bravo a trav\u00e9s del Festival de la Barbacoa y el recien realizado Festival de Comida a la Le\u00f1a.<\/p>\n\n\n\n<p>En este \u00faltimo evento se cont\u00f3 con la participaci\u00f3n de m\u00e1s de 50 exponente y se super\u00f3 el n\u00famero de visitantes esperado, por lo que en ediciones posteriores se podr\u00eda aumentar el n\u00famero de expositores, todos con la particularidad de ser del municipio de Medell\u00edn de Bravo.<\/p>\n\n\n\n<p>Hipolito Deschamps calific\u00f3 el evento como un \u00e9xito, \u201cporque viene a apoyar a nuestros peque\u00f1os comerciantes y productores en estos momentos de complicaciones econ\u00f3micas debido a la pandemia\u201d.<\/p>\n","protected":false},"excerpt":{"rendered":"<p>Alejandro \u00c1vila Medell\u00edn de Bravo, Ver.- La reactivaci\u00f3n econ\u00f3mica a trav\u00e9s de festivales gastron\u00f3micos en Medell\u00edn de Bravo ha ido creciendo lento pero seguro, asegur\u00f3 el alcalde Hipolito Deschamps Espino Barros. El edil panista se\u00f1al\u00f3 que de manera gradual se ha incrementado el n\u00famero de visitantes de otros municipios vecinos, quienes conocen la gastronom\u00eda de [&hellip;]<\/p>\n","protected":false},"author":1,"featured_media":17047,"comment_status":"open","ping_status":"open","sticky":false,"template":"","format":"standard","meta":{"_jetpack_memberships_contains_paid_content":false,"footnotes":""},"categories":[2],"tags":[],"class_list":["post-17046","post","type-post","status-publish","format-standard","has-post-thumbnail","hentry","category-estado"],"jetpack_featured_media_url":"https:\/\/encuentroinformativo.com.mx\/wp-content\/uploads\/2021\/08\/54720397-7338-4598-84B9-CA1F7D6895F4.jpeg","jetpack_sharing_enabled":true,"jetpack_likes_enabled":true,"amp_enabled":true,"_links":{"self":[{"href":"https:\/\/encuentroinformativo.com.mx\/index.php?rest_route=\/wp\/v2\/posts\/17046","targetHints":{"allow":["GET"]}}],"collection":[{"href":"https:\/\/encuentroinformativo.com.mx\/index.php?rest_route=\/wp\/v2\/posts"}],"about":[{"href":"https:\/\/encuentroinformativo.com.mx\/index.php?rest_route=\/wp\/v2\/types\/post"}],"author":[{"embeddable":true,"href":"https:\/\/encuentroinformativo.com.mx\/index.php?rest_route=\/wp\/v2\/users\/1"}],"replies":[{"embeddable":true,"href":"https:\/\/encuentroinformativo.com.mx\/index.php?rest_route=%2Fwp%2Fv2%2Fcomments&post=17046"}],"version-history":[{"count":1,"href":"https:\/\/encuentroinformativo.com.mx\/index.php?rest_route=\/wp\/v2\/posts\/17046\/revisions"}],"predecessor-version":[{"id":17048,"href":"https:\/\/encuentroinformativo.com.mx\/index.php?rest_route=\/wp\/v2\/posts\/17046\/revisions\/17048"}],"wp:featuredmedia":[{"embeddable":true,"href":"https:\/\/encuentroinformativo.com.mx\/index.php?rest_route=\/wp\/v2\/media\/17047"}],"wp:attachment":[{"href":"https:\/\/encuentroinformativo.com.mx\/index.php?rest_route=%2Fwp%2Fv2%2Fmedia&parent=17046"}],"wp:term":[{"taxonomy":"category","embeddable":true,"href":"https:\/\/encuentroinformativo.com.mx\/index.php?rest_route=%2Fwp%2Fv2%2Fcategories&post=17046"},{"taxonomy":"post_tag","embeddable":true,"href":"https:\/\/encuentroinformativo.com.mx\/index.php?rest_route=%2Fwp%2Fv2%2Ftags&post=17046"}],"curies":[{"name":"wp","href":"https:\/\/api.w.org\/{rel}","templated":true}]}}