{"id":17049,"date":"2021-08-02T18:54:53","date_gmt":"2021-08-02T23:54:53","guid":{"rendered":"https:\/\/encuentroinformativo.com.mx\/?p=17049"},"modified":"2021-08-02T18:54:57","modified_gmt":"2021-08-02T23:54:57","slug":"en-coatzintla-detienen-a-militar-por-presunto-abuso-sexual","status":"publish","type":"post","link":"https:\/\/encuentroinformativo.com.mx\/?p=17049","title":{"rendered":"En Coatzintla, detienen a militar por presunto abuso sexual"},"content":{"rendered":"\n<p><strong>Alejandro \u00c1vila<\/strong><\/p>\n\n\n\n<p>Poza Rica, Ver.- El pasado fin de semana fue detenido en fuerte operativo, Mario Alberto &#8220;N&#8221;, militar con rango de Cabo en el destacamento de Coatzintla, a quien le fue girada una orden de aprehensi\u00f3n por el presunto delito de pederast\u00eda agravada.<\/p>\n\n\n\n<p>Mario &#8220;N&#8221; se encuentra recluido en el CERESO de Poza Rica y este lunes se llevar\u00e1 a cabo la audiencia de vinculaci\u00f3n a proceso.<\/p>\n\n\n\n<p>La denuncia que pesa sobre el presunto agresor, fue interpuesta por su esposa, quien lo acus\u00f3 de abusar sexualmente de su propia hija, una menor de edad de identidad reservada.<\/p>\n\n\n\n<p>Seg\u00fan informes de las autoridades ministeriales, tras la valoraci\u00f3n m\u00e9dica y psicol\u00f3gica de la menor, se lograron encontrar las pruebas suficientes para que el Juez hiciera la solicitud formal de orden de aprehensi\u00f3n en contra de Mario &#8220;N&#8221;.<\/p>\n\n\n\n<p>De manera extra oficial, se pudo conocer que la madre denunci\u00f3 que su esposo, llev\u00f3 en el transcurso del a\u00f1o a la menor a un hotel para posteriormente abusar sexualmente de ella.<\/p>\n","protected":false},"excerpt":{"rendered":"<p>Alejandro \u00c1vila Poza Rica, Ver.- El pasado fin de semana fue detenido en fuerte operativo, Mario Alberto &#8220;N&#8221;, militar con rango de Cabo en el destacamento de Coatzintla, a quien le fue girada una orden de aprehensi\u00f3n por el presunto delito de pederast\u00eda agravada. Mario &#8220;N&#8221; se encuentra recluido en el CERESO de Poza Rica [&hellip;]<\/p>\n","protected":false},"author":1,"featured_media":17050,"comment_status":"open","ping_status":"open","sticky":false,"template":"","format":"standard","meta":{"_jetpack_memberships_contains_paid_content":false,"footnotes":""},"categories":[11],"tags":[],"class_list":["post-17049","post","type-post","status-publish","format-standard","has-post-thumbnail","hentry","category-opinion"],"jetpack_featured_media_url":"https:\/\/encuentroinformativo.com.mx\/wp-content\/uploads\/2021\/08\/93169598-A800-4CD9-A8DB-2486E6AD3E8B.jpeg","jetpack_sharing_enabled":true,"jetpack_likes_enabled":true,"amp_enabled":true,"_links":{"self":[{"href":"https:\/\/encuentroinformativo.com.mx\/index.php?rest_route=\/wp\/v2\/posts\/17049","targetHints":{"allow":["GET"]}}],"collection":[{"href":"https:\/\/encuentroinformativo.com.mx\/index.php?rest_route=\/wp\/v2\/posts"}],"about":[{"href":"https:\/\/encuentroinformativo.com.mx\/index.php?rest_route=\/wp\/v2\/types\/post"}],"author":[{"embeddable":true,"href":"https:\/\/encuentroinformativo.com.mx\/index.php?rest_route=\/wp\/v2\/users\/1"}],"replies":[{"embeddable":true,"href":"https:\/\/encuentroinformativo.com.mx\/index.php?rest_route=%2Fwp%2Fv2%2Fcomments&post=17049"}],"version-history":[{"count":1,"href":"https:\/\/encuentroinformativo.com.mx\/index.php?rest_route=\/wp\/v2\/posts\/17049\/revisions"}],"predecessor-version":[{"id":17051,"href":"https:\/\/encuentroinformativo.com.mx\/index.php?rest_route=\/wp\/v2\/posts\/17049\/revisions\/17051"}],"wp:featuredmedia":[{"embeddable":true,"href":"https:\/\/encuentroinformativo.com.mx\/index.php?rest_route=\/wp\/v2\/media\/17050"}],"wp:attachment":[{"href":"https:\/\/encuentroinformativo.com.mx\/index.php?rest_route=%2Fwp%2Fv2%2Fmedia&parent=17049"}],"wp:term":[{"taxonomy":"category","embeddable":true,"href":"https:\/\/encuentroinformativo.com.mx\/index.php?rest_route=%2Fwp%2Fv2%2Fcategories&post=17049"},{"taxonomy":"post_tag","embeddable":true,"href":"https:\/\/encuentroinformativo.com.mx\/index.php?rest_route=%2Fwp%2Fv2%2Ftags&post=17049"}],"curies":[{"name":"wp","href":"https:\/\/api.w.org\/{rel}","templated":true}]}}