{"id":17060,"date":"2021-08-03T11:37:47","date_gmt":"2021-08-03T16:37:47","guid":{"rendered":"https:\/\/encuentroinformativo.com.mx\/?p=17060"},"modified":"2021-08-03T11:37:51","modified_gmt":"2021-08-03T16:37:51","slug":"mexico-con-tasas-bajas-en-lactancia-materna-salud","status":"publish","type":"post","link":"https:\/\/encuentroinformativo.com.mx\/?p=17060","title":{"rendered":"M\u00e9xico con tasas bajas en lactancia materna: Salud"},"content":{"rendered":"\n<p>Ciudad de M\u00e9xico.- El sector Salud est\u00e1 comprometido a impulsar la regulaci\u00f3n sanitaria para hacer cumplir el C\u00f3digo de Comercializaci\u00f3n de los Suced\u00e1neos de la Leche Materna y revertir pr\u00e1cticas que hoy son adversas a la salud materna e infantil, afirm\u00f3 el subsecretario de Prevenci\u00f3n y Promoci\u00f3n de la Salud, Hugo L\u00f3pez-Gatell Ram\u00edrez.<\/p>\n\n\n\n<p>Al inaugurar de manera virtual el segundo foro nacional \u201cOportunidades para Fortalecer las Pr\u00e1cticas de Lactancia Materna en M\u00e9xico\u201d, organizado por el Centro Nacional de Equidad de G\u00e9nero y Salud Reproductiva (CNEGSR) y el Fondo de las Naciones Unidas para la Infancia (Unicef), L\u00f3pez-Gatell Ram\u00edrez subray\u00f3 que es necesario regular y ejercer acciones claras, consistentes, estructuradas y definidas para la pr\u00e1ctica efectiva de la lactancia materna.<\/p>\n\n\n\n<p>Durante el foro que se realiz\u00f3 como parte de las actividades de la Semana Mundial de Lactancia Materna, del 1\u00b0 al 7 de agosto, el subsecretario L\u00f3pez-Gatell Ram\u00edrez se\u00f1al\u00f3 que es posible que los aspectos culturales est\u00e1n influenciados por un poderoso impulso de la publicidad, mercadeo y t\u00e1cticas desleales a la salud p\u00fablica que estimulan la adopci\u00f3n temprana de sustitutos de la leche materna.<\/p>\n\n\n\n<p>Enfatiz\u00f3 que no hay raz\u00f3n alguna para que las instituciones p\u00fablicas sigan comprando f\u00f3rmulas l\u00e1cteas y admitiendo la promoci\u00f3n de productos suced\u00e1neos de leche materna en sus instalaciones y otros espacios de servicios de salud.<\/p>\n\n\n\n<p>Indic\u00f3 que <strong>el d\u00e9ficit y rezago en lactancia materna en nuestro pa\u00eds es \u201cabrumador, por no decir indignante\u201d<\/strong>, por lo que se requieren fortalecer las acciones de regulaci\u00f3n, atenci\u00f3n e informaci\u00f3n para el fomento de la lactancia.<\/p>\n\n\n\n<p><strong>M\u00e9xico es el pa\u00eds de Am\u00e9rica Latina con las tasas m\u00e1s bajas de inicio de lactancia materna y de sostenimiento, ya que s\u00f3lo tres de cada 10 mujeres lactan a sus hijos e hijas durante los primeros seis meses<\/strong> y menos de la mitad lo hacen m\u00e1s all\u00e1 del primer semestre.<\/p>\n\n\n\n<p>Unicef y OPS recomiendan que todas y todos los ni\u00f1os sean alimentados de forma exclusiva con leche materna hasta los seis meses y despu\u00e9s, combinada con otros alimentos adecuados, hasta los dos a\u00f1os de vida, para continuar con una alimentaci\u00f3n balanceada y saludable.<\/p>\n\n\n\n<p>A su vez, el titular de la Comisi\u00f3n Federal para la Protecci\u00f3n contra Riesgos Sanitarios (Cofepris), Alejandro Ernesto Svarch P\u00e9rez, reafirm\u00f3 el compromiso con la lactancia materna en M\u00e9xico al incentivar el cumplimiento del C\u00f3digo Internacional de Comercializaci\u00f3n de Suced\u00e1neos de la Leche Materna de la Organizaci\u00f3n Mundial de la Salud (OMS).<\/p>\n\n\n\n<p>Se\u00f1al\u00f3 que desde la Cofepris se debe asegurar que la promoci\u00f3n y uso de los suced\u00e1neos de la leche materna sean los establecidos en la Ley General de Salud en materia de publicidad y que favorezcan el fomento de la lactancia materna.<\/p>\n\n\n\n<p>Subray\u00f3 que, como agencia regulatoria, la comisi\u00f3n a su cargo promueve y vigila las buenas pr\u00e1cticas de fabricaci\u00f3n e higiene de f\u00f3rmulas para lactantes, as\u00ed como la promoci\u00f3n de la lactancia materna como parte del sistema de salud.<\/p>\n\n\n\n<p>En cuanto al avance en pol\u00edticas p\u00fablicas en favor de la lactancia materna y el rol del personal de salud, la directora general del Centro Nacional de Equidad de G\u00e9nero y Salud Reproductiva (CNEGSR), Karla Berdichevsky Feldman, se\u00f1al\u00f3 que la situaci\u00f3n de la lactancia materna en M\u00e9xico tiene una tendencia de mejora, ya que el porcentaje de la pr\u00e1ctica durante los primeros seis meses de vida pas\u00f3 de 14 por ciento en 2012 a 29 por ciento en 2019, como se\u00f1ala la Encuesta Nacional de Salud y Nutrici\u00f3n 2018-19 (Ensanut 2018-19).<\/p>\n\n\n\n<p>Destac\u00f3 que como resultado de la implementaci\u00f3n de la Estrategia Nacional de Lactancia Materna 2014-2018, en las zonas rurales 55 por ciento de las mujeres practic\u00f3 la lactancia de forma adecuada durante el primer a\u00f1o, mientras que en las zonas urbanas solo 36 por ciento.<\/p>\n\n\n\n<p>Berdichevsky Feldman dio a conocer que adem\u00e1s de la Estrategia Nacional de Lactancia Materna 2014-2018, tambi\u00e9n se cuenta con 242 unidades m\u00e9dicas denominadas \u201cHospital Amigo del Ni\u00f1o y de la Ni\u00f1a en M\u00e9xico\u201d, en donde se practica el alojamiento conjunto y el apego inmediato, personal capacitado fomenta la lactancia y ofrece informaci\u00f3n a las mujeres.<\/p>\n\n\n\n<p>En este sentido, indic\u00f3 que se dispone tambi\u00e9n de 32 Bancos de Leche Humana y seis en fase de implementaci\u00f3n (Hidalgo, Tabasco, Tamaulipas, Tlaxcala, Nuevo Le\u00f3n y Yucat\u00e1n), 339 lactarios hospitalarios y 455 salas de lactancia en todo el pa\u00eds.<\/p>\n\n\n\n<p>La directora de Atenci\u00f3n a la Salud Materna y Perinatal del CNEGSR, Bianca Vargas Escamilla, habl\u00f3 de las contribuciones del sector Salud para el fortalecimiento de la lactancia materna, como la capacitaci\u00f3n continua del personal de salud de las instituciones.<\/p>\n\n\n\n<p>Asimismo, subray\u00f3 que se debe favorecer la incorporaci\u00f3n de personal no m\u00e9dico, capacitado en lactancia materna como es el de parter\u00eda profesional, enfermer\u00eda y educaci\u00f3n perinatal, entre otros, que contribuyen al fomento y a las acciones de apoyo y orientaci\u00f3n en materia de lactancia materna.<br>En el foro, la directora general del Sistema Nacional para el Desarrollo Integral de la Familia (SNDIF), Mar\u00eda del Roc\u00edo Garc\u00eda P\u00e9rez, indic\u00f3 que la lactancia materna representa un punto de partida y el comienzo \u00f3ptimo de una vida saludable, ya que en los primeros mil d\u00edas se puede cimentar el potencial f\u00edsico y cognitivo de las personas.<\/p>\n\n\n\n<p>La leche materna de forma adecuada reduce la mortalidad infantil y tiene beneficios hasta la edad adulta, al ofrecer la combinaci\u00f3n de nutrientes, carbohidratos prote\u00ednas y grasas que contribuyen a combatir enfermedades infecciosas, generar un sistema inmunol\u00f3gico fuerte y reducir el riesgo de obesidad, precis\u00f3.<\/p>\n\n\n\n<p>La jefa de Pol\u00edtica Social de la Unicef en M\u00e9xico, Catalina G\u00f3mez, se\u00f1al\u00f3 que, si bien M\u00e9xico ha tenido importantes avances en la promoci\u00f3n y protecci\u00f3n de la lactancia materna, s\u00f3lo uno de cada tres infantes recibe alimentaci\u00f3n exclusiva al seno materno, el resto se alimenta con una combinaci\u00f3n de otros tipos de leche, suced\u00e1neos y bebidas azucaradas.<\/p>\n\n\n\n<p>Esta situaci\u00f3n elimina la oportunidad para muchos ni\u00f1os y ni\u00f1as de recibir el mejor alimento desde el inicio de la vida. La leche materna beneficia la salud f\u00edsica del infante y de la madre, adem\u00e1s fortalece el v\u00ednculo afectivo.<\/p>\n\n\n\n<p>Subray\u00f3 la necesidad de que M\u00e9xico siga apoyando todas las pr\u00e1cticas que favorecen la lactancia materna, ya que se encuentra amenazada por la desinformaci\u00f3n, mitos, creencias, comportamientos sociales y la falta de apoyo a madres lactantes cuando se reintegran al mercado laboral, dijo.<\/p>\n\n\n\n<p>Catalina G\u00f3mez precis\u00f3 que en un estudio realizado por la Unicef y el Instituto Nacional de Salud P\u00fablica (INSP), se identific\u00f3 la constante exposici\u00f3n a la publicidad de suced\u00e1neos de leche materna, debido a que la industria aprovecha el vac\u00edo que existe en la regulaci\u00f3n para promover sus productos, utilizando la influencia de diferentes actores sociales.<\/p>\n\n\n\n<p>En el foro tambi\u00e9n participaron la subcoordinadora para el Bienestar del Instituto de Seguridad y Servicios Sociales de los Trabajadores del Estado (Issste), Judith Garc\u00eda de Alba; el subdirector de Servicios de Salud de Petr\u00f3leos Mexicanos (Pemex), Rodolfo Lehmann Mendoza, y el director general adjunto de Sanidad Naval de la Secretar\u00eda de Marina (Semar), San Juan Padr\u00f3n Lucio; as\u00ed como un panel de personas investigadoras que abordaron diversas perspectivas en torno a las evidencias y recomendaciones para favorecer la lactancia materna en M\u00e9xico.<\/p>\n\n\n\n<p><strong>Fuente: <\/strong>Secretar\u00eda de Salud<\/p>\n","protected":false},"excerpt":{"rendered":"<p>Ciudad de M\u00e9xico.- El sector Salud est\u00e1 comprometido a impulsar la regulaci\u00f3n sanitaria para hacer cumplir el C\u00f3digo de Comercializaci\u00f3n de los Suced\u00e1neos de la Leche Materna y revertir pr\u00e1cticas que hoy son adversas a la salud materna e infantil, afirm\u00f3 el subsecretario de Prevenci\u00f3n y Promoci\u00f3n de la Salud, Hugo L\u00f3pez-Gatell Ram\u00edrez. Al inaugurar [&hellip;]<\/p>\n","protected":false},"author":1,"featured_media":17061,"comment_status":"open","ping_status":"open","sticky":false,"template":"","format":"standard","meta":{"_jetpack_memberships_contains_paid_content":false,"footnotes":""},"categories":[9],"tags":[],"class_list":["post-17060","post","type-post","status-publish","format-standard","has-post-thumbnail","hentry","category-salud"],"jetpack_featured_media_url":"https:\/\/encuentroinformativo.com.mx\/wp-content\/uploads\/2021\/08\/1C6914DB-F238-4F17-AD51-DDE7930DEB06.jpeg","jetpack_sharing_enabled":true,"jetpack_likes_enabled":true,"amp_enabled":true,"_links":{"self":[{"href":"https:\/\/encuentroinformativo.com.mx\/index.php?rest_route=\/wp\/v2\/posts\/17060","targetHints":{"allow":["GET"]}}],"collection":[{"href":"https:\/\/encuentroinformativo.com.mx\/index.php?rest_route=\/wp\/v2\/posts"}],"about":[{"href":"https:\/\/encuentroinformativo.com.mx\/index.php?rest_route=\/wp\/v2\/types\/post"}],"author":[{"embeddable":true,"href":"https:\/\/encuentroinformativo.com.mx\/index.php?rest_route=\/wp\/v2\/users\/1"}],"replies":[{"embeddable":true,"href":"https:\/\/encuentroinformativo.com.mx\/index.php?rest_route=%2Fwp%2Fv2%2Fcomments&post=17060"}],"version-history":[{"count":1,"href":"https:\/\/encuentroinformativo.com.mx\/index.php?rest_route=\/wp\/v2\/posts\/17060\/revisions"}],"predecessor-version":[{"id":17062,"href":"https:\/\/encuentroinformativo.com.mx\/index.php?rest_route=\/wp\/v2\/posts\/17060\/revisions\/17062"}],"wp:featuredmedia":[{"embeddable":true,"href":"https:\/\/encuentroinformativo.com.mx\/index.php?rest_route=\/wp\/v2\/media\/17061"}],"wp:attachment":[{"href":"https:\/\/encuentroinformativo.com.mx\/index.php?rest_route=%2Fwp%2Fv2%2Fmedia&parent=17060"}],"wp:term":[{"taxonomy":"category","embeddable":true,"href":"https:\/\/encuentroinformativo.com.mx\/index.php?rest_route=%2Fwp%2Fv2%2Fcategories&post=17060"},{"taxonomy":"post_tag","embeddable":true,"href":"https:\/\/encuentroinformativo.com.mx\/index.php?rest_route=%2Fwp%2Fv2%2Ftags&post=17060"}],"curies":[{"name":"wp","href":"https:\/\/api.w.org\/{rel}","templated":true}]}}