{"id":17066,"date":"2021-08-03T14:04:42","date_gmt":"2021-08-03T19:04:42","guid":{"rendered":"https:\/\/encuentroinformativo.com.mx\/?p=17066"},"modified":"2021-08-03T14:04:46","modified_gmt":"2021-08-03T19:04:46","slug":"orfis-nos-cargo-la-mano-alcalde","status":"publish","type":"post","link":"https:\/\/encuentroinformativo.com.mx\/?p=17066","title":{"rendered":"ORFIS nos cargo la mano: Alcalde"},"content":{"rendered":"\n<p><strong>Alejandro \u00c1vila<\/strong><\/p>\n\n\n\n<p>Veracruz, Ver. \u2013 El alcalde de Veracruz, Fernando Yunes M\u00e1rquez, se\u00f1al\u00f3 que el \u00d3rgano de Fiscalizaci\u00f3n Superior (ORFIS) les \u201ccarga la mano\u201d un poco m\u00e1s, por ser un municipio de oposici\u00f3n; aunque asegur\u00f3 que las observaciones hechas por la Cuenta P\u00fablica 2019 ser\u00e1n solventadas sin problema, tal como lo hicieron en la denuncia que le interpusieron en 2020, por otro presunto mal manejo de recursos.<\/p>\n\n\n\n<p>El edil panista explic\u00f3 que las observaciones son temas meramente documentales, al tiempo que aclar\u00f3 que todas las obras y los estados financieros del municipio se han realizado correctamente; tanto que son al momento el tercer municipio m\u00e1s transparente de todo el pa\u00eds, por lo que no existe preocupaci\u00f3n alguna.<\/p>\n\n\n\n<p>Recalc\u00f3 que todo es un tema de documentaci\u00f3n y puso como ejemplo una obra p\u00fablica, misma que se inicia con una validaci\u00f3n de palabra por parte de una dependencia como CAEV o CONAGUA, y una vez que esta entrega el documento que avala los trabajos, este se reenv\u00eda al ORFIS para que quede solventado ese rubro en espec\u00edfico.<\/p>\n\n\n\n<p>\u201cNos observaron tambi\u00e9n algunos otros temas de apoyos a deportistas, donde nos dec\u00edan, \u00bfd\u00f3nde qued\u00f3 cada medalla que repartieron en la carrera?; entonces, est\u00e1 canijo. Sin embargo, hay evidencia fotogr\u00e1fica de cada medalla, de cada competidor, de cada persona, pero son temas documentales que muchas veces el ORFIS tarda en aceptar o tarda en procesar, pero que se tiene que hacer\u201d, subray\u00f3.<\/p>\n\n\n\n<p>Yunes M\u00e1rquez puntualiz\u00f3 que el tema de \u201cpensiones\u201d que menciona el ORFIS, es b\u00e1sicamente la n\u00f3mina del Ayuntamiento; ah\u00ed les se\u00f1alaron que no encontraron varios documentos. Ante esto, dijo que se entregar\u00e1n nuevamente, y que resultar\u00e1 lo mismo que el a\u00f1o pasado cuando fue denunciado por presunta malversaci\u00f3n de fondos federales.<\/p>\n\n\n\n<p>\u201cLes quiero recordar algo, \u00bfqu\u00e9 pas\u00f3 el a\u00f1o pasado?, me denunciaron ante la Fiscal\u00eda el ORFIS, \u00bfy que pas\u00f3?, nada. \u00bfPor qu\u00e9 no pas\u00f3 nada?, porque ten\u00edamos la raz\u00f3n, ten\u00edamos el documento de la Secretar\u00eda de Hacienda donde dec\u00eda que esos fondos no ten\u00edan anualidad, como los tuvimos en un principio.<\/p>\n\n\n\n<p>Pero entiendo que es Veracruz y ellos tengan que cargarnos la mano un poquito. Bueno, igual que el a\u00f1o pasado esto tambi\u00e9n lo vamos a documentar y no pasa nada\u201d, remat\u00f3.<\/p>\n","protected":false},"excerpt":{"rendered":"<p>Alejandro \u00c1vila Veracruz, Ver. \u2013 El alcalde de Veracruz, Fernando Yunes M\u00e1rquez, se\u00f1al\u00f3 que el \u00d3rgano de Fiscalizaci\u00f3n Superior (ORFIS) les \u201ccarga la mano\u201d un poco m\u00e1s, por ser un municipio de oposici\u00f3n; aunque asegur\u00f3 que las observaciones hechas por la Cuenta P\u00fablica 2019 ser\u00e1n solventadas sin problema, tal como lo hicieron en la denuncia [&hellip;]<\/p>\n","protected":false},"author":1,"featured_media":17067,"comment_status":"open","ping_status":"open","sticky":false,"template":"","format":"standard","meta":{"_jetpack_memberships_contains_paid_content":false,"footnotes":""},"categories":[2],"tags":[],"class_list":["post-17066","post","type-post","status-publish","format-standard","has-post-thumbnail","hentry","category-estado"],"jetpack_featured_media_url":"https:\/\/encuentroinformativo.com.mx\/wp-content\/uploads\/2021\/08\/173DD909-738A-4A0C-A956-E6FECAC21D83.jpeg","jetpack_sharing_enabled":true,"jetpack_likes_enabled":true,"amp_enabled":true,"_links":{"self":[{"href":"https:\/\/encuentroinformativo.com.mx\/index.php?rest_route=\/wp\/v2\/posts\/17066","targetHints":{"allow":["GET"]}}],"collection":[{"href":"https:\/\/encuentroinformativo.com.mx\/index.php?rest_route=\/wp\/v2\/posts"}],"about":[{"href":"https:\/\/encuentroinformativo.com.mx\/index.php?rest_route=\/wp\/v2\/types\/post"}],"author":[{"embeddable":true,"href":"https:\/\/encuentroinformativo.com.mx\/index.php?rest_route=\/wp\/v2\/users\/1"}],"replies":[{"embeddable":true,"href":"https:\/\/encuentroinformativo.com.mx\/index.php?rest_route=%2Fwp%2Fv2%2Fcomments&post=17066"}],"version-history":[{"count":1,"href":"https:\/\/encuentroinformativo.com.mx\/index.php?rest_route=\/wp\/v2\/posts\/17066\/revisions"}],"predecessor-version":[{"id":17068,"href":"https:\/\/encuentroinformativo.com.mx\/index.php?rest_route=\/wp\/v2\/posts\/17066\/revisions\/17068"}],"wp:featuredmedia":[{"embeddable":true,"href":"https:\/\/encuentroinformativo.com.mx\/index.php?rest_route=\/wp\/v2\/media\/17067"}],"wp:attachment":[{"href":"https:\/\/encuentroinformativo.com.mx\/index.php?rest_route=%2Fwp%2Fv2%2Fmedia&parent=17066"}],"wp:term":[{"taxonomy":"category","embeddable":true,"href":"https:\/\/encuentroinformativo.com.mx\/index.php?rest_route=%2Fwp%2Fv2%2Fcategories&post=17066"},{"taxonomy":"post_tag","embeddable":true,"href":"https:\/\/encuentroinformativo.com.mx\/index.php?rest_route=%2Fwp%2Fv2%2Ftags&post=17066"}],"curies":[{"name":"wp","href":"https:\/\/api.w.org\/{rel}","templated":true}]}}