{"id":17069,"date":"2021-08-03T14:28:39","date_gmt":"2021-08-03T19:28:39","guid":{"rendered":"https:\/\/encuentroinformativo.com.mx\/?p=17069"},"modified":"2021-08-03T14:28:43","modified_gmt":"2021-08-03T19:28:43","slug":"desestima-edil-observaciones-al-ayuntamiento-de-poza-rica","status":"publish","type":"post","link":"https:\/\/encuentroinformativo.com.mx\/?p=17069","title":{"rendered":"Desestima edil observaciones al Ayuntamiento de Poza Rica"},"content":{"rendered":"\n<p><strong>Dar\u00edo Pale<\/strong><\/p>\n\n\n\n<p>Xalapa, Ver.- Minimiza alcalde de Poza Rica Francisco Javier Vel\u00e1squez Vallejo las observaciones que le realiz\u00f3 el \u00d3rgano de Fiscalizaci\u00f3n Superior (ORFIS), y se justific\u00f3 se\u00f1alando que otros municipios tienen m\u00e1s presunto da\u00f1o patrimonial con menos presupuesto.<\/p>\n\n\n\n<p>Entrevistado en conocido caf\u00e9 del centro de Xalapa se\u00f1al\u00f3 que en el estado fueron m\u00e1s de 200 los municipios que tuvieron observaciones de la cuenta p\u00fablica 2019 que entreg\u00f3 el ORFIS al congreso del estado.<\/p>\n\n\n\n<p>&#8220;Son observaciones que ya fueron solventadas, se cumpli\u00f3, sin embargo, el ORFIS consider\u00f3 que no estaban suficientemente solventadas y vamos a tener que solventarlas ahora que est\u00e1n en el Congreso&#8221;, se\u00f1al\u00f3.<\/p>\n\n\n\n<p>El alcalde dio a conocer que las observaciones hechas no indican que haya un mal manejo de los recursos p\u00fablicos, solo cuestiones administrativas.<\/p>\n\n\n\n<p>&#8220;Consideramos que son 2 millones, comparados con otros municipios que tienen much\u00edsimo m\u00e1s da\u00f1o y con menos presupuesto, pues consideramos que nuestro municipio est\u00e1 preparado para solventarlo y para cumplir y salir limpios de esto&#8221;, agreg\u00f3.<\/p>\n\n\n\n<p>El edil asegur\u00f3 que no hay desv\u00edos de recursos, s\u00f3lo observaciones en diversas obras en las que les faltaron documentos de validaci\u00f3n que ya solicitaron, &#8220;son unos drenajes que requieren una validaci\u00f3n de CAEV, ya lo estamos tramitando y con eso salimos adelante&#8221;.<\/p>\n\n\n\n<p>La administraci\u00f3n de Vel\u00e1squez Vallejo fue observada por un presunto da\u00f1o de 2 millones 132 mil 450, en total fueron 4 observaciones, entre otros, se le observa porque no reintegraron m\u00e1s de un mill\u00f3n de pesos que no ejercieron en 2019 a la Federaci\u00f3n, adem\u00e1s, no comprobaron 80 mil pesos en vi\u00e1ticos de un viaje a Espa\u00f1a del Alcalde.<\/p>\n\n\n\n<p>Por otra parte, consider\u00f3 que a pesar del sem\u00e1foro rojo en que prevalece su municipio, las actividades econ\u00f3micas no deben parar.<\/p>\n\n\n\n<p>Finalmente se\u00f1al\u00f3 que el gobierno federal ha insistido en mantener las medidas de sana distancia, el uso del cubrebocas, no asistir a espacios cerrados con aglomeraci\u00f3n de gente, &#8220;pero la actividad econ\u00f3mica debe seguir&#8221;.<\/p>\n","protected":false},"excerpt":{"rendered":"<p>Dar\u00edo Pale Xalapa, Ver.- Minimiza alcalde de Poza Rica Francisco Javier Vel\u00e1squez Vallejo las observaciones que le realiz\u00f3 el \u00d3rgano de Fiscalizaci\u00f3n Superior (ORFIS), y se justific\u00f3 se\u00f1alando que otros municipios tienen m\u00e1s presunto da\u00f1o patrimonial con menos presupuesto. Entrevistado en conocido caf\u00e9 del centro de Xalapa se\u00f1al\u00f3 que en el estado fueron m\u00e1s de [&hellip;]<\/p>\n","protected":false},"author":1,"featured_media":17070,"comment_status":"open","ping_status":"open","sticky":false,"template":"","format":"standard","meta":{"_jetpack_memberships_contains_paid_content":false,"footnotes":""},"categories":[2],"tags":[],"class_list":["post-17069","post","type-post","status-publish","format-standard","has-post-thumbnail","hentry","category-estado"],"jetpack_featured_media_url":"https:\/\/encuentroinformativo.com.mx\/wp-content\/uploads\/2021\/08\/0B72C8A1-87D4-4B87-A91B-14B88652223A.jpeg","jetpack_sharing_enabled":true,"jetpack_likes_enabled":true,"amp_enabled":true,"_links":{"self":[{"href":"https:\/\/encuentroinformativo.com.mx\/index.php?rest_route=\/wp\/v2\/posts\/17069","targetHints":{"allow":["GET"]}}],"collection":[{"href":"https:\/\/encuentroinformativo.com.mx\/index.php?rest_route=\/wp\/v2\/posts"}],"about":[{"href":"https:\/\/encuentroinformativo.com.mx\/index.php?rest_route=\/wp\/v2\/types\/post"}],"author":[{"embeddable":true,"href":"https:\/\/encuentroinformativo.com.mx\/index.php?rest_route=\/wp\/v2\/users\/1"}],"replies":[{"embeddable":true,"href":"https:\/\/encuentroinformativo.com.mx\/index.php?rest_route=%2Fwp%2Fv2%2Fcomments&post=17069"}],"version-history":[{"count":1,"href":"https:\/\/encuentroinformativo.com.mx\/index.php?rest_route=\/wp\/v2\/posts\/17069\/revisions"}],"predecessor-version":[{"id":17071,"href":"https:\/\/encuentroinformativo.com.mx\/index.php?rest_route=\/wp\/v2\/posts\/17069\/revisions\/17071"}],"wp:featuredmedia":[{"embeddable":true,"href":"https:\/\/encuentroinformativo.com.mx\/index.php?rest_route=\/wp\/v2\/media\/17070"}],"wp:attachment":[{"href":"https:\/\/encuentroinformativo.com.mx\/index.php?rest_route=%2Fwp%2Fv2%2Fmedia&parent=17069"}],"wp:term":[{"taxonomy":"category","embeddable":true,"href":"https:\/\/encuentroinformativo.com.mx\/index.php?rest_route=%2Fwp%2Fv2%2Fcategories&post=17069"},{"taxonomy":"post_tag","embeddable":true,"href":"https:\/\/encuentroinformativo.com.mx\/index.php?rest_route=%2Fwp%2Fv2%2Ftags&post=17069"}],"curies":[{"name":"wp","href":"https:\/\/api.w.org\/{rel}","templated":true}]}}