{"id":17075,"date":"2021-08-03T15:03:23","date_gmt":"2021-08-03T20:03:23","guid":{"rendered":"https:\/\/encuentroinformativo.com.mx\/?p=17075"},"modified":"2021-08-03T15:03:25","modified_gmt":"2021-08-03T20:03:25","slug":"justifica-regidor-retiro-de-casetas-de-comerciantes","status":"publish","type":"post","link":"https:\/\/encuentroinformativo.com.mx\/?p=17075","title":{"rendered":"Justifica regidor retiro de casetas de comerciantes"},"content":{"rendered":"\n<p><strong>Dar\u00edo Pale <\/strong><\/p>\n\n\n\n<p>Xalapa, Ver.- El regidor Francisco Javier Gonz\u00e1lez Villag\u00f3mez titular de la Comisi\u00f3n de Comercio en el Ayuntamiento de Xalapa dio a conocer que varios comerciantes abandonan sus casetas, por eso son retiradas de la v\u00eda p\u00fablica.<\/p>\n\n\n\n<p>Entrevistado en las calles del centro de Xalapa se\u00f1al\u00f3 que el retiro de casetas de comerciantes en la zona aleda\u00f1a a la Cl\u00ednica 66 del Instituto Mexicano del Seguro Social, mejor conocida como Los Sauces o El Ferrocarrilero obedeci\u00f3 a que estaban abandonadas.<\/p>\n\n\n\n<p>&#8220;El problema son los que no las utilizan porque las usan de bodega. Iban a hacer sus necesidades ah\u00ed los ciudadanos, las ocupaban para hacer sus fechor\u00edas&#8221;, coment\u00f3.<\/p>\n\n\n\n<p>Asegur\u00f3 que antes de retirar las estructuras de l\u00e1mina se busca a los comercios a trav\u00e9s de un citatorio para que se presenten en la Subdirecci\u00f3n de Comercio. Al no presentarse en 15 d\u00edas se procede el retiro.<\/p>\n\n\n\n<p>&#8220;Se presentan, buscan a la persona, se le da un citatorio, se coloca en el espacio que ellos tienen de las casetas para que se presenten a la Subdirecci\u00f3n re Comercio&#8221;, agreg\u00f3.<\/p>\n\n\n\n<p>Finalmente inform\u00f3 que hasta ahora se han retirado 16 casetas y continuar\u00e1n recorriendo algunos espacios para quitar m\u00e1s de estas casetas, por lo que adelant\u00f3 que el reporte que verificar\u00e1n ser\u00e1 en la calle P\u00edpila.<\/p>\n","protected":false},"excerpt":{"rendered":"<p>Dar\u00edo Pale Xalapa, Ver.- El regidor Francisco Javier Gonz\u00e1lez Villag\u00f3mez titular de la Comisi\u00f3n de Comercio en el Ayuntamiento de Xalapa dio a conocer que varios comerciantes abandonan sus casetas, por eso son retiradas de la v\u00eda p\u00fablica. Entrevistado en las calles del centro de Xalapa se\u00f1al\u00f3 que el retiro de casetas de comerciantes en [&hellip;]<\/p>\n","protected":false},"author":1,"featured_media":16844,"comment_status":"open","ping_status":"open","sticky":false,"template":"","format":"standard","meta":{"_jetpack_memberships_contains_paid_content":false,"footnotes":""},"categories":[3],"tags":[],"class_list":["post-17075","post","type-post","status-publish","format-standard","has-post-thumbnail","hentry","category-xalapa"],"jetpack_featured_media_url":"https:\/\/encuentroinformativo.com.mx\/wp-content\/uploads\/2021\/07\/55DBF4D5-975E-4B4F-8FD0-8020655FBE3A.jpeg","jetpack_sharing_enabled":true,"jetpack_likes_enabled":true,"amp_enabled":true,"_links":{"self":[{"href":"https:\/\/encuentroinformativo.com.mx\/index.php?rest_route=\/wp\/v2\/posts\/17075","targetHints":{"allow":["GET"]}}],"collection":[{"href":"https:\/\/encuentroinformativo.com.mx\/index.php?rest_route=\/wp\/v2\/posts"}],"about":[{"href":"https:\/\/encuentroinformativo.com.mx\/index.php?rest_route=\/wp\/v2\/types\/post"}],"author":[{"embeddable":true,"href":"https:\/\/encuentroinformativo.com.mx\/index.php?rest_route=\/wp\/v2\/users\/1"}],"replies":[{"embeddable":true,"href":"https:\/\/encuentroinformativo.com.mx\/index.php?rest_route=%2Fwp%2Fv2%2Fcomments&post=17075"}],"version-history":[{"count":1,"href":"https:\/\/encuentroinformativo.com.mx\/index.php?rest_route=\/wp\/v2\/posts\/17075\/revisions"}],"predecessor-version":[{"id":17076,"href":"https:\/\/encuentroinformativo.com.mx\/index.php?rest_route=\/wp\/v2\/posts\/17075\/revisions\/17076"}],"wp:featuredmedia":[{"embeddable":true,"href":"https:\/\/encuentroinformativo.com.mx\/index.php?rest_route=\/wp\/v2\/media\/16844"}],"wp:attachment":[{"href":"https:\/\/encuentroinformativo.com.mx\/index.php?rest_route=%2Fwp%2Fv2%2Fmedia&parent=17075"}],"wp:term":[{"taxonomy":"category","embeddable":true,"href":"https:\/\/encuentroinformativo.com.mx\/index.php?rest_route=%2Fwp%2Fv2%2Fcategories&post=17075"},{"taxonomy":"post_tag","embeddable":true,"href":"https:\/\/encuentroinformativo.com.mx\/index.php?rest_route=%2Fwp%2Fv2%2Ftags&post=17075"}],"curies":[{"name":"wp","href":"https:\/\/api.w.org\/{rel}","templated":true}]}}