{"id":17082,"date":"2021-08-03T17:35:27","date_gmt":"2021-08-03T22:35:27","guid":{"rendered":"https:\/\/encuentroinformativo.com.mx\/?p=17082"},"modified":"2021-08-03T17:35:31","modified_gmt":"2021-08-03T22:35:31","slug":"padres-se-oponen-al-retorno-de-clases-presenciales-reconoce-sev","status":"publish","type":"post","link":"https:\/\/encuentroinformativo.com.mx\/?p=17082","title":{"rendered":"Padres se oponen al retorno de clases presenciales, reconoce SEV"},"content":{"rendered":"\n<p><strong>Dar\u00edo Pale <\/strong><\/p>\n\n\n\n<p>Xalapa, Ver.- Muchos padres de familia no quieren que sus hijos regresen a las clases presenciales pero si los ni\u00f1os andan en la playa, plazas comerciales y en la calle, as\u00ed lo dio a conocer el Secretario de Educaci\u00f3n Zenyazen Roberto Escobar Garc\u00eda.<\/p>\n\n\n\n<p>En entrevista dio a conocer que si bien hay padres y madres de familia que se oponen al regreso presencial a clases, lo contradictorio es que muchas veces se les ve a los ni\u00f1os en las playas, plazas y las calles.<\/p>\n\n\n\n<p>&#8220;El regreso a las aulas es un tema m\u00e1s socioemocional, lo que se est\u00e1 viviendo, el rezago educativo, es parte de lo que tenemos que construir, regresar es necesario, tenemos esta gran responsabilidad que tambi\u00e9n es dif\u00edcil, pero al final tambi\u00e9n corresponde al porcentaje de rezago que tuvimos a nivel estatal de m\u00e1s del 3 por ciento&#8221;, se\u00f1al\u00f3.<\/p>\n\n\n\n<p>De igual forma dio a conocer que como parte de las estrategias para evitar que los ni\u00f1os se contagien de Covid-19, se har\u00e1n recesos escalonados, adem\u00e1s de que las clases presenciales no ser\u00e1n diariamente.<\/p>\n\n\n\n<p>Reiter\u00f3 que los padres y madres de familia que no quieran llevar a sus hijos a clases presenciales, no se les puede obligar, &#8220;pero tampoco podemos obligar a que los maestros trabajen doble en el sentido de presencial y a distancia, tenemos que ir construyendo esta ruta, pero no le puedes exigir al docente este doble trabajo tampoco&#8221;.<\/p>\n\n\n\n<p>Resalt\u00f3 que durante el breve periodo en el que volvieron a clases un total de mil 440 escuelas, no se registraron contagios.<\/p>\n\n\n\n<p>En otro orden de ideas dio a conocer que son 102 escuelas de las m\u00e1s de 24 mil que existen, que no podr\u00edan regresar a clases presenciales porque no re\u00fanen las condiciones b\u00e1sicas para ello, como falta de agua o servicio de energ\u00eda el\u00e9ctrica, aunado a ello el saqueo que se ha hecho por la delincuencia.<\/p>\n\n\n\n<p>El funcionario destac\u00f3 que por la falta de material did\u00e1ctico que se han robado en varias escuelas, ya se hizo la solicitud a la Federaci\u00f3n.<\/p>\n\n\n\n<p>&#8220;No \u00fanicamente los materiales did\u00e1cticos, eso es lo m\u00ednimo, porque en algunos lugares se quedaron sin agua, sin luz, entonces no podemos decir vamos a un regreso a las aulas si no tenemos las condiciones m\u00ednimas&#8221;, asever\u00f3.<\/p>\n\n\n\n<p>Agreg\u00f3 que aunque suman 102 planteles hasta el momento en esas circunstancias, todav\u00eda har\u00e1n un an\u00e1lisis del total de centros escolares que no podr\u00edan regresar de manera presencial el pr\u00f3ximo 30 de agosto.<\/p>\n\n\n\n<p>Escobar Garc\u00eda refiri\u00f3 que la dependencia ejerce un aproximado de mil 300 millones de pesos para la diversa infraestructura escolar, de las m\u00e1s de 24 mil escuelas que hay en la Entidad.<\/p>\n\n\n\n<p>En cuanto a la entrega de kits de limpieza, resalt\u00f3 que la har\u00e1n llegar al total de los planteles educativos antes del regreso a clases y en torno a las cuotas u aportaciones previo al regreso, record\u00f3 que \u00e9stas son voluntarias y quien determina los montos son los padres y madres de familia.<\/p>\n\n\n\n<p>&#8220;Los padres que no lo puedan pagar (porque han perdido el empleo en pandemia), que lo paguen con faena, con trabajo y siempre ha sido as\u00ed, siempre lo hemos dicho&#8221;, finaliz\u00f3.<\/p>\n","protected":false},"excerpt":{"rendered":"<p>Dar\u00edo Pale Xalapa, Ver.- Muchos padres de familia no quieren que sus hijos regresen a las clases presenciales pero si los ni\u00f1os andan en la playa, plazas comerciales y en la calle, as\u00ed lo dio a conocer el Secretario de Educaci\u00f3n Zenyazen Roberto Escobar Garc\u00eda. En entrevista dio a conocer que si bien hay padres [&hellip;]<\/p>\n","protected":false},"author":1,"featured_media":17083,"comment_status":"open","ping_status":"open","sticky":false,"template":"","format":"standard","meta":{"_jetpack_memberships_contains_paid_content":false,"footnotes":""},"categories":[2],"tags":[],"class_list":["post-17082","post","type-post","status-publish","format-standard","has-post-thumbnail","hentry","category-estado"],"jetpack_featured_media_url":"https:\/\/encuentroinformativo.com.mx\/wp-content\/uploads\/2021\/08\/3F83A504-42CD-4C90-A35C-A396B3420F49.jpeg","jetpack_sharing_enabled":true,"jetpack_likes_enabled":true,"amp_enabled":true,"_links":{"self":[{"href":"https:\/\/encuentroinformativo.com.mx\/index.php?rest_route=\/wp\/v2\/posts\/17082","targetHints":{"allow":["GET"]}}],"collection":[{"href":"https:\/\/encuentroinformativo.com.mx\/index.php?rest_route=\/wp\/v2\/posts"}],"about":[{"href":"https:\/\/encuentroinformativo.com.mx\/index.php?rest_route=\/wp\/v2\/types\/post"}],"author":[{"embeddable":true,"href":"https:\/\/encuentroinformativo.com.mx\/index.php?rest_route=\/wp\/v2\/users\/1"}],"replies":[{"embeddable":true,"href":"https:\/\/encuentroinformativo.com.mx\/index.php?rest_route=%2Fwp%2Fv2%2Fcomments&post=17082"}],"version-history":[{"count":1,"href":"https:\/\/encuentroinformativo.com.mx\/index.php?rest_route=\/wp\/v2\/posts\/17082\/revisions"}],"predecessor-version":[{"id":17084,"href":"https:\/\/encuentroinformativo.com.mx\/index.php?rest_route=\/wp\/v2\/posts\/17082\/revisions\/17084"}],"wp:featuredmedia":[{"embeddable":true,"href":"https:\/\/encuentroinformativo.com.mx\/index.php?rest_route=\/wp\/v2\/media\/17083"}],"wp:attachment":[{"href":"https:\/\/encuentroinformativo.com.mx\/index.php?rest_route=%2Fwp%2Fv2%2Fmedia&parent=17082"}],"wp:term":[{"taxonomy":"category","embeddable":true,"href":"https:\/\/encuentroinformativo.com.mx\/index.php?rest_route=%2Fwp%2Fv2%2Fcategories&post=17082"},{"taxonomy":"post_tag","embeddable":true,"href":"https:\/\/encuentroinformativo.com.mx\/index.php?rest_route=%2Fwp%2Fv2%2Ftags&post=17082"}],"curies":[{"name":"wp","href":"https:\/\/api.w.org\/{rel}","templated":true}]}}