{"id":17085,"date":"2021-08-03T18:36:44","date_gmt":"2021-08-03T23:36:44","guid":{"rendered":"https:\/\/encuentroinformativo.com.mx\/?p=17085"},"modified":"2021-08-03T18:41:29","modified_gmt":"2021-08-03T23:41:29","slug":"victima-de-covid-muere-menor-en-la-zona-sur-de-veracruz","status":"publish","type":"post","link":"https:\/\/encuentroinformativo.com.mx\/?p=17085","title":{"rendered":"V\u00edctima de Covid muere menor en la zona sur de Veracruz"},"content":{"rendered":"\n<p><strong>Juan Arcos<\/strong><\/p>\n\n\n\n<p>Xalapa, Ver.- Un ni\u00f1o de 13 a\u00f1os muri\u00f3 por SARS-COV-2 (COVID-19) presuntamente ante la falta de camas en hospitales de la zona sur del estado de Veracruz.<\/p>\n\n\n\n<p>El menor, identificado como \u00c1ngel \u201cN\u201d, era originario de Soconusco y su salud se complic\u00f3 tras contagiarse del coronavirus, al igual que su madre, quien se encuentra internada por lo mismo.<\/p>\n\n\n\n<p>Ambos pacientes fueron recibidos en el nosocomio Oluta-Acayucan de la Secretar\u00eda de Salud de Veracruz, donde el infante empeor\u00f3 y fue intubado.<\/p>\n\n\n\n<p>Al no tratarse de un hospital COVID-19, \u00c1ngel \u201cN\u201d fue enviado al nosocomio de Minatitl\u00e1n, pero no fue recibido por la falta de camas.<\/p>\n\n\n\n<p>Posteriormente, fue trasladado al hospital de Coatzacoalcos, donde no fue atendido de manera inmediata por el mismo motivo.<br>El m\u00e9dico Rub\u00e9n Moreno R\u00edos, excandidato a la presidencia municipal de Oluta por el Partido del Trabajo en la pasada jornada electoral, hizo publico el caso en sus redes sociales, toda vez que ocurri\u00f3 en el hospital donde se desempe\u00f1a profesionalmente.<\/p>\n\n\n\n<p>El especialista alert\u00f3 a la poblaci\u00f3n sobre la tercera ola de contagios y asegur\u00f3 que los hospitales de Minatitl\u00e1n y Coatzacoalcos se encuentran al m\u00e1ximo de su capacidad.&nbsp;<\/p>\n\n\n\n<p>\u201cFue triste para m\u00ed y para mis compa\u00f1eros enviar a un ni\u00f1o de 13 a\u00f1os intubado por COVID, y en todo momento pens\u00e9 en mi hijo, me vi en esa escena y entr\u00e9 en p\u00e1nico. Angustiado por esos padres, la madre hospitalizada y el padre soportando el dolor de ver a su hijo\u201d, expres\u00f3.&nbsp;<\/p>\n\n\n\n<p>Moreno R\u00edos record\u00f3 que el menor y su madre recibieron buena atenci\u00f3n m\u00e9dica en el hospital Oluta-Acayucan y que fueron vigilados por el personal, pero el lunes fue trasladado al hospital de Coatzacoalcos, donde lamentablemente falleci\u00f3.<\/p>\n\n\n\n<p>\u201cYo me pregunto por qu\u00e9 estamos tan relajados, creemos que la pandemia ya se fue, est\u00e1 con nosotros y viene con mayor intensidad, por favor, lo digo en buena onda y con la mano en el coraz\u00f3n, cuid\u00e9monos\u201d.<\/p>\n\n\n\n<p>El m\u00e9dico hizo un en\u00e9rgico llamado a las autoridades municipales para que sean m\u00e1s estrictas y la poblaci\u00f3n acate las medidas preventivas.<\/p>\n\n\n\n<p>Hasta el momento, Veracruz se mantiene en sem\u00e1foro epidemiol\u00f3gico color naranja, de riesgo alto de contagio, con 80 mil 940 casos positivos, 10 mil 680 defunciones y 11 mil 909 sospechosos acumulados.<\/p>\n\n\n\n<p><strong>Foto: <\/strong>Redes Sociales <\/p>\n","protected":false},"excerpt":{"rendered":"<p>Juan Arcos Xalapa, Ver.- Un ni\u00f1o de 13 a\u00f1os muri\u00f3 por SARS-COV-2 (COVID-19) presuntamente ante la falta de camas en hospitales de la zona sur del estado de Veracruz. El menor, identificado como \u00c1ngel \u201cN\u201d, era originario de Soconusco y su salud se complic\u00f3 tras contagiarse del coronavirus, al igual que su madre, quien se [&hellip;]<\/p>\n","protected":false},"author":1,"featured_media":17086,"comment_status":"open","ping_status":"open","sticky":false,"template":"","format":"standard","meta":{"_jetpack_memberships_contains_paid_content":false,"footnotes":""},"categories":[9],"tags":[],"class_list":["post-17085","post","type-post","status-publish","format-standard","has-post-thumbnail","hentry","category-salud"],"jetpack_featured_media_url":"https:\/\/encuentroinformativo.com.mx\/wp-content\/uploads\/2021\/08\/9CE7E028-AC18-47B0-8A16-473D51ABDB7A.jpeg","jetpack_sharing_enabled":true,"jetpack_likes_enabled":true,"amp_enabled":true,"_links":{"self":[{"href":"https:\/\/encuentroinformativo.com.mx\/index.php?rest_route=\/wp\/v2\/posts\/17085","targetHints":{"allow":["GET"]}}],"collection":[{"href":"https:\/\/encuentroinformativo.com.mx\/index.php?rest_route=\/wp\/v2\/posts"}],"about":[{"href":"https:\/\/encuentroinformativo.com.mx\/index.php?rest_route=\/wp\/v2\/types\/post"}],"author":[{"embeddable":true,"href":"https:\/\/encuentroinformativo.com.mx\/index.php?rest_route=\/wp\/v2\/users\/1"}],"replies":[{"embeddable":true,"href":"https:\/\/encuentroinformativo.com.mx\/index.php?rest_route=%2Fwp%2Fv2%2Fcomments&post=17085"}],"version-history":[{"count":3,"href":"https:\/\/encuentroinformativo.com.mx\/index.php?rest_route=\/wp\/v2\/posts\/17085\/revisions"}],"predecessor-version":[{"id":17089,"href":"https:\/\/encuentroinformativo.com.mx\/index.php?rest_route=\/wp\/v2\/posts\/17085\/revisions\/17089"}],"wp:featuredmedia":[{"embeddable":true,"href":"https:\/\/encuentroinformativo.com.mx\/index.php?rest_route=\/wp\/v2\/media\/17086"}],"wp:attachment":[{"href":"https:\/\/encuentroinformativo.com.mx\/index.php?rest_route=%2Fwp%2Fv2%2Fmedia&parent=17085"}],"wp:term":[{"taxonomy":"category","embeddable":true,"href":"https:\/\/encuentroinformativo.com.mx\/index.php?rest_route=%2Fwp%2Fv2%2Fcategories&post=17085"},{"taxonomy":"post_tag","embeddable":true,"href":"https:\/\/encuentroinformativo.com.mx\/index.php?rest_route=%2Fwp%2Fv2%2Ftags&post=17085"}],"curies":[{"name":"wp","href":"https:\/\/api.w.org\/{rel}","templated":true}]}}