{"id":17090,"date":"2021-08-04T07:45:51","date_gmt":"2021-08-04T12:45:51","guid":{"rendered":"https:\/\/encuentroinformativo.com.mx\/?p=17090"},"modified":"2021-08-04T05:41:34","modified_gmt":"2021-08-04T10:41:34","slug":"los-enfermitos","status":"publish","type":"post","link":"https:\/\/encuentroinformativo.com.mx\/?p=17090","title":{"rendered":"LOS ENFERMITOS"},"content":{"rendered":"\n<p><strong>@pablojair<br><br>+ Desde Coatepec mandan buena vibra a corredores en Tokio.<br>+ Gaseros retan al gobierno federal por l\u00edmites a precios.<br>+ \u00bfDe qu\u00e9 sirvi\u00f3 ver tanta batalla inspiradora de Gok\u00fa y Seiya?<br><br><em>Esos vatos de Wuhan nom\u00e1s se la pasan exportando coronavirus<br>\u2014Chopenjawer<\/em><\/strong><\/p>\n\n\n\n<p>Los de la vieja escuela saben que Fidel Herrera Beltr\u00e1n y Miguel \u00c1ngel Yunes Linares eran inseparables, amigos muy cercanos. U\u00f1a y carne. Se conocen bien desde j\u00f3venes hasta que finalmente se distanciaron y terminaron peleados a muerte.<\/p>\n\n\n\n<p>\u00bfLa raz\u00f3n de la separaci\u00f3n? Pocos la saben. Unos dicen que fue un pleito por una dama, otros por una cuesti\u00f3n de dinero.<\/p>\n\n\n\n<p>Cuando Fidel fue gobernador nos toc\u00f3 ir a eventos donde (muy al estilo del cuenque\u00f1o) iba al Puerto de Veracruz a \u201cpicarle\u201d las costillas a Yunes Linares, como las jornadas de vacunaci\u00f3n para perritos y gatitos de las que hac\u00edan toda una alharaca, pero al final de cuentas era un pitorreo; T\u00edo Fide inyectaba a un perrito y dec\u00eda \u2014palabras m\u00e1s, palabras menos\u2014 \u201cpara que la rabia no infecte y se vaya de Veracruz\u201d, en obvia referencia a Yunes Linares, quien en ciertos c\u00edrculos es apodado \u201cEl Perro\u201d, bautizado as\u00ed por el gran Yayo Guti\u00e9rrez en el desaparecido peri\u00f3dico \u201cPol\u00edtica\u201d cuando se le perdi\u00f3 una mascota y puso a polic\u00edas del estado a buscarla.<\/p>\n\n\n\n<p>\u201cSe perdi\u00f3 el perro de Yunes\u201d, fue el jocoso y legendario titular del impreso por todo el aparatoso operativo para la localizaci\u00f3n de la mascota del entonces secretario de Gobierno.<\/p>\n\n\n\n<p>Dicen por ah\u00ed que Veracruz no quiere ser potencia mundial porque no quiere, teniendo a tres pol\u00edticos que, si se unieran, ser\u00edan imparables y ya hasta hubiesen sido presidentes de la rep\u00fablica: Dante Delgado Rannauro, Fidel Herrera Beltr\u00e1n y Miguel \u00c1ngel Yunes Linares. Los tres son genios pol\u00edticos, pero dos andan en decadencia y uno se mantiene.<\/p>\n\n\n\n<p>Como gobernador, Fidel Herrera tuvo al menos un par de eventos con su n\u00e9mesis, quien en ese entonces era director del ISSSTE y aspirante a la gubernatura del estado. Ah\u00ed est\u00e1n las fotos donde comentaban tenebras en corto, como si nada. Al fin pol\u00edticos, sonre\u00edan para la prensa y quiz\u00e1s se mentaban la madre v\u00eda susurros.<\/p>\n\n\n\n<p>Por aquellos ayeres de la plenitud del pinche poder apareci\u00f3 en el mapa un tal Javier Duarte quien era considerado como el hijo putativo de Fidel y Do\u00f1a Rosa.&nbsp;<\/p>\n\n\n\n<p>El mismo Fidel era quien placeaba a Duarte en eventos p\u00fablicos y lo presentaba como el secretario de Finanzas que estaba interesado en resolver los problemas de Veracruz.<\/p>\n\n\n\n<p>Incluso alguna vez Duarte lleg\u00f3 como representante del gobernador Herrera a un informe de gobierno de Miguel \u00c1ngel Yunes M\u00e1rquez, el mayorcito del exminigober y entonces alcalde de Boca del R\u00edo. Ah\u00ed se comenta que el patriarca Yunes Linares lo quiso chamaquear dici\u00e9ndole que no iba a llegar a ser diputado federal (cargo electo que tuvo primero), pero Duarte le revir\u00f3 dici\u00e9ndole que \u00e9l tampoco ser\u00eda gobernador.<\/p>\n\n\n\n<p>Finalmente, Duarte (con todo el apoyo del aparato del estado y la operaci\u00f3n de Fidel) derrot\u00f3 a Miguel \u00c1ngel Yunes Linares en esa elecci\u00f3n de 2010, pero en el fondo era una victoria m\u00e1s de Herrera Beltr\u00e1n sobre su n\u00e9mesis: un chamaco de treinta y tantos a\u00f1os llegaba a convertirse en el gobernador m\u00e1s joven de Veracruz, venciendo a uno de los pol\u00edticos de m\u00e1s experiencia.<\/p>\n\n\n\n<p>La historia de Duarte ya es de todos conocida. En esos a\u00f1os, Herrera Beltr\u00e1n todav\u00eda estuvo activo en la pol\u00edtica y fue nombrado el 19 de octubre de 2015 como c\u00f3nsul de Barcelona, Espa\u00f1a, hasta que decidi\u00f3 regresar a M\u00e9xico poco despu\u00e9s de que comenzara el mini-gobierno de Miguel \u00c1ngel Yunes Linares, en enero de 2017, con la idea de enfrentar a su enemigo personal y pol\u00edtico por las acusaciones que le hac\u00eda de corrupci\u00f3n y desv\u00edos.<\/p>\n\n\n\n<p>No obstante, llegando a M\u00e9xico Fidel desaparecer\u00eda del mapa pol\u00edtico y se comenta que ten\u00eda un acoso permanente por parte de gente enviada del gobernador Yunes Linares, lo que le desencaden\u00f3 fuertes problemas de salud.<\/p>\n\n\n\n<p>Con todo y que Yunes estaba con todo el \u201cpower\u201d deteniendo a exfuncionarios de Duarte y haciendo toda una cacer\u00eda\/venganza contra los Duartistas\/Fidelistas, nunca pudo atrapar o detener a Herrera Beltr\u00e1n.<\/p>\n\n\n\n<p>La \u00faltima vez que se le vio a Fidel en p\u00fablico fue el domingo 1 de julio cuando acudi\u00f3 a votar en silla de ruedas a una casilla de la CDMX y fue increpado por la gente que hac\u00eda fila. Luc\u00eda desmejorado y lejos de aquel \u201cT\u00edo Fide\u201d que andaba como conejo Energizer en eventos por todo el estado. Luego reaparecer\u00eda pero en redes sociales, el 10 de septiembre de 2020, en una fotograf\u00eda con un excolaborador. Desde ah\u00ed ya no se sabe nada del T\u00edo.<\/p>\n\n\n\n<p>Ac\u00e1 en Xalapa dec\u00edan que lo de la enfermedad era puro choro de T\u00edo Fide; que as\u00ed pudo quitarse de encima reflectores y la persecuci\u00f3n pol\u00edtica que hab\u00eda emprendido contra \u00e9l su eterno enemigo. Los m\u00e1s chismosos dicen que hasta lo vieron celebrando con \u201cPerfume de Gardenias\u201d (su rola favorita) cuando supo que un tal Cuitl\u00e1huac Garc\u00eda hab\u00eda derrotado en las urnas al hijo de Yunes.<\/p>\n\n\n\n<p>Yunes finalmente cumplir\u00eda su sue\u00f1o de ser gobernador, pero le durar\u00eda poco: apenas a\u00f1o y medio, tomando en cuenta que en las elecciones de 2018 (su segundo y \u00faltimo a\u00f1o) ya no ten\u00eda la fuerza de antes porque tampoco ten\u00eda ya el respaldo absoluto de la Presidencia de M\u00e9xico que ganar\u00eda Andr\u00e9s Manuel L\u00f3pez Obrador, a quien tildaba de \u201cloco\u201d y \u201cladr\u00f3n\u201d.<\/p>\n\n\n\n<p>Una imagen emblem\u00e1tica fue cuando la Conferencia Nacional de Gobernadores (Conago), el 12 de julio de 2018, se reun\u00eda con el presidente electo L\u00f3pez Obrador y se le vio a Yunes Linares en las fotograf\u00edas tragando sapos sin hacer gestos.<\/p>\n\n\n\n<p>Entrando Cuitl\u00e1huac al Gobierno de Veracruz y AMLO a la Presidencia, el exgobernador Yunes se exili\u00f3 y desapareci\u00f3 tambi\u00e9n del mapa pol\u00edtico. En algunas ocasiones hizo apariciones p\u00fablicas ech\u00e1ndose un caf\u00e9, pero en cuanto hubo detenciones como la del exgobernador poblano Mario Mar\u00edn, se dice que decidi\u00f3 salir del pa\u00eds.<\/p>\n\n\n\n<p>Este martes 3 de agosto trascendi\u00f3 en la columna \u201cSe dice que\u201d, del diario Imagen de Veracruz, que Yunes Linares tambi\u00e9n tendr\u00eda problemas graves de salud. Mientras tanto, sobre Fidel Herrera hace poco trascendi\u00f3 que estaba nuevamente internado, sedado, pero no grave.&nbsp;<\/p>\n\n\n\n<p>Curiosidades de la vida: antes se dec\u00eda que lo peor para un pol\u00edtico es que se supiera que estaba enfermo, porque entonces de inmediato se acababan los amigos y nadie siquiera les contesta el tel\u00e9fono (de eso fue testigo este autor). Ahora parece que lo mejor es decirse enfermito, a ver si as\u00ed les tienen l\u00e1stima y los dejan en paz.<\/p>\n\n\n\n<p>Lo m\u00e1s curioso: Fidel y Yunes se parecen tanto que a estas alturas no se duda que ambos ya est\u00e9n padeciendo los achaques propios de la edad, el estr\u00e9s, los conflictos familiares y el desgaste natural del poder, que llegaron a tener tanto pero al final los consume como el fuego al pabilo de una vela.<\/p>\n\n\n\n<p>En una de esas hasta se pusieron de acuerdo para hacerse los enfermitos.<\/p>\n\n\n\n<p><strong>NOTA PARA PEGAR EN EL REFRI:&nbsp;<\/strong><a href=\"outlook-data-detector:\/\/5\">Este viernes<\/a>&nbsp;y&nbsp;<a href=\"outlook-data-detector:\/\/6\">s\u00e1bado por la tarde<\/a>&nbsp;se pondr\u00e1 una pantalla gigante en la unidad deportiva \u201cRoberto Amor\u00f3s\u201d de Coatepec, lugar a donde fueron a entrenar los atletas ol\u00edmpicos Daniela Torres, Jes\u00fas Arturo Esparza, Joel Pacheco y Jos\u00e9 Luis Santana, corredores que tendr\u00e1n sus eventos en Tokio en punto&nbsp;<a href=\"outlook-data-detector:\/\/7\">de las 5 de la tarde<\/a>&nbsp;del 6 y&nbsp;<a href=\"outlook-data-detector:\/\/8\">7 de agosto<\/a>. Lo anterior es con el fin de que los grupos de atletas locales puedan ver a quienes entrenaron en estas instalaciones y lograron estrechos v\u00ednculos afectivos con la comunidad\u2026 Cabe mencionar que dichos campos de entrenamiento son considerados de los mejores en el estado y que habr\u00e1 todas las medidas sanitarias para que la gente pueda disfrutar en un espacio abierto, en vivo, las competencias donde participan los mexicanos\u2026 Por lo pronto, toda la buena vibra desde el Pueblo M\u00e1gico.<\/p>\n\n\n\n<p><strong>OTRA NOTA:&nbsp;<\/strong><a href=\"outlook-data-detector:\/\/9\">Este martes<\/a>&nbsp;hubo reacciones violentas al anuncio del tope a los precios del gas y se ven se\u00f1ales de una mafia gasera enojada. De entrada, all\u00e1 en la CDMX, los obreros destrozaron pipas en protesta y dejaron de circular. Ac\u00e1 en la aldea, uno de los industriales dicen que van a pelear por la v\u00eda legal el tema de los nuevos precios\u2026 Parece que el tema gasero todav\u00eda va a dar mucho de qu\u00e9 hablar.<\/p>\n\n\n\n<p><strong>LA \u00daLTIMA PORQUE\u00a0<a href=\"outlook-data-detector:\/\/10\">ESTE MARTES<\/a> ESTUVO MUY CASTROSO:<\/strong>\u00a0Anoche me estaba chutando el medallero ol\u00edmpico y es triste ver que ning\u00fan pa\u00eds latinoamericano est\u00e9 dentro de los primeros diez pa\u00edses, que son China, Estados Unidos, Jap\u00f3n, Australia, Rusia, Reino Unido, Alemania, Francia, Pa\u00edses Bajos y Corea Del Sur. En la posici\u00f3n 11, 12 y 13 est\u00e1n Nueva Zelanda, Italia y Hungr\u00eda&#8230; El \u00fanico pa\u00eds de Latinoam\u00e9rica que puede presumir estar dentro de los primeros 15 es Cuba, que tiene 11 medallas (4 de oro, 3 de plata y 4 de bronce). En el lugar 18 est\u00e1 Brasil con 13 (la mayor\u00eda de bronce); en el 23, Ecuador; en el 31, Venezuela; en el 56, Puerto Rico; en el 58, Colombia; y en el 72, M\u00e9xico&#8230; Vi\u00e9ndolo por el lado amable, estamos arriba de Argentina, que s\u00f3lo tiene una medalla de bronce y est\u00e1 en el lugar 75&#8230; \u00bfDe qu\u00e9 sirvi\u00f3 ver tantas batallas inspiradoras de Mazinger-Z, Los Caballeros del Zodiaco y Dragon Ball? Chingao\u2026<\/p>\n","protected":false},"excerpt":{"rendered":"<p>@pablojair + Desde Coatepec mandan buena vibra a corredores en Tokio.+ Gaseros retan al gobierno federal por l\u00edmites a precios.+ \u00bfDe qu\u00e9 sirvi\u00f3 ver tanta batalla inspiradora de Gok\u00fa y Seiya? Esos vatos de Wuhan nom\u00e1s se la pasan exportando coronavirus\u2014Chopenjawer Los de la vieja escuela saben que Fidel Herrera Beltr\u00e1n y Miguel \u00c1ngel Yunes [&hellip;]<\/p>\n","protected":false},"author":1,"featured_media":488,"comment_status":"open","ping_status":"open","sticky":false,"template":"","format":"standard","meta":{"_jetpack_memberships_contains_paid_content":false,"footnotes":""},"categories":[11],"tags":[],"class_list":["post-17090","post","type-post","status-publish","format-standard","has-post-thumbnail","hentry","category-opinion"],"jetpack_featured_media_url":"https:\/\/encuentroinformativo.com.mx\/wp-content\/uploads\/2020\/03\/F471F608-BA1A-416B-BA7B-BCFB24F4E6D0.jpeg","jetpack_sharing_enabled":true,"jetpack_likes_enabled":true,"amp_enabled":true,"_links":{"self":[{"href":"https:\/\/encuentroinformativo.com.mx\/index.php?rest_route=\/wp\/v2\/posts\/17090","targetHints":{"allow":["GET"]}}],"collection":[{"href":"https:\/\/encuentroinformativo.com.mx\/index.php?rest_route=\/wp\/v2\/posts"}],"about":[{"href":"https:\/\/encuentroinformativo.com.mx\/index.php?rest_route=\/wp\/v2\/types\/post"}],"author":[{"embeddable":true,"href":"https:\/\/encuentroinformativo.com.mx\/index.php?rest_route=\/wp\/v2\/users\/1"}],"replies":[{"embeddable":true,"href":"https:\/\/encuentroinformativo.com.mx\/index.php?rest_route=%2Fwp%2Fv2%2Fcomments&post=17090"}],"version-history":[{"count":1,"href":"https:\/\/encuentroinformativo.com.mx\/index.php?rest_route=\/wp\/v2\/posts\/17090\/revisions"}],"predecessor-version":[{"id":17091,"href":"https:\/\/encuentroinformativo.com.mx\/index.php?rest_route=\/wp\/v2\/posts\/17090\/revisions\/17091"}],"wp:featuredmedia":[{"embeddable":true,"href":"https:\/\/encuentroinformativo.com.mx\/index.php?rest_route=\/wp\/v2\/media\/488"}],"wp:attachment":[{"href":"https:\/\/encuentroinformativo.com.mx\/index.php?rest_route=%2Fwp%2Fv2%2Fmedia&parent=17090"}],"wp:term":[{"taxonomy":"category","embeddable":true,"href":"https:\/\/encuentroinformativo.com.mx\/index.php?rest_route=%2Fwp%2Fv2%2Fcategories&post=17090"},{"taxonomy":"post_tag","embeddable":true,"href":"https:\/\/encuentroinformativo.com.mx\/index.php?rest_route=%2Fwp%2Fv2%2Ftags&post=17090"}],"curies":[{"name":"wp","href":"https:\/\/api.w.org\/{rel}","templated":true}]}}