{"id":1710,"date":"2020-04-08T18:23:07","date_gmt":"2020-04-08T23:23:07","guid":{"rendered":"https:\/\/encuentroinformativo.com\/?p=1710"},"modified":"2020-04-08T18:23:10","modified_gmt":"2020-04-08T23:23:10","slug":"reconoce-diputado-entrega-de-equipo-de-dif-estatal","status":"publish","type":"post","link":"https:\/\/encuentroinformativo.com.mx\/?p=1710","title":{"rendered":"Reconoce diputado entrega de equipo de DIF Estatal"},"content":{"rendered":"\n<p><strong>*Gobierno del Estado, entreg\u00f3 Unidades Adaptadas Para Personas con Discapacidad (UBR), a distintos municipios del Estado.<\/strong><\/p>\n\n\n\n<p>Xalapa, Ver.- El DIF Estatal de Veracruz,  a trav\u00e9s de su  Directora Rebeca Quintanar Barcel\u00f3, hizo entrega de estas unidades especiales a las titulares del SMDIF, de los municipios que lo solicitaron.<\/p>\n\n\n\n<p>El Diputado Carlos Jim\u00e9nez D\u00edaz, El Potrillo, asisti\u00f3 como invitado especial en esta entrega, ya que dos de los municipios de su distrito fueron beneficiados.<\/p>\n\n\n\n<p>El Diputado de Misantla, envi\u00f3 una felicitaci\u00f3n  a las presidentes del SMDIF, de Jilotepec, Mar\u00eda de Lourdes Lara L\u00f3pez y de Vega de Alatorre,  la Maestra Milen Cuevas de Bastida por esta importante gesti\u00f3n que ser\u00e1 de mucho beneficio para los ciudadanos.<\/p>\n\n\n\n<p>Motivo por el cual destac\u00f3 que el Gobernador del Estado Cuitl\u00e1huac Garc\u00eda Jim\u00e9nez, sigue cumpliendo a trav\u00e9s de las dependencias esenciales, que como instruy\u00f3,  seguir\u00e1n dando la atenci\u00f3n a los ciudadanos, para enfrentar esta contingencia. <\/p>\n\n\n\n<p>Por su parte el Diputado de Misantla, hizo una invitaci\u00f3n a los presidentes de los municipios del VIII distrito, \u201cpara que hagan sus tramites de gesti\u00f3n, pues el Gobernador esta cumpliendo, solo hay que realizar los tramites correspondientes\u201d.<\/p>\n\n\n\n<p>En este evento tambi\u00e9n asistieron como invitados especiales  los Diputados Locales, de los Distritos donde sus municipios fueron  beneficiados, as\u00ed como el Presidente del Pleno del Congreso de Veracruz, Rub\u00e9n R\u00edos Uribe y el Presidente de Junta de Coordinaci\u00f3n Pol\u00edtica, Juan Javier G\u00f3mez Cazar\u00edn.<\/p>\n","protected":false},"excerpt":{"rendered":"<p>*Gobierno del Estado, entreg\u00f3 Unidades Adaptadas Para Personas con Discapacidad (UBR), a distintos municipios del Estado. Xalapa, Ver.- El DIF Estatal de Veracruz, a trav\u00e9s de su Directora Rebeca Quintanar Barcel\u00f3, hizo entrega de estas unidades especiales a las titulares del SMDIF, de los municipios que lo solicitaron. El Diputado Carlos Jim\u00e9nez D\u00edaz, El Potrillo, [&hellip;]<\/p>\n","protected":false},"author":1,"featured_media":1711,"comment_status":"open","ping_status":"open","sticky":false,"template":"","format":"standard","meta":{"_jetpack_memberships_contains_paid_content":false,"footnotes":""},"categories":[2],"tags":[],"class_list":["post-1710","post","type-post","status-publish","format-standard","has-post-thumbnail","hentry","category-estado"],"jetpack_featured_media_url":"https:\/\/encuentroinformativo.com.mx\/wp-content\/uploads\/2020\/04\/5C368325-D4B6-4AD8-80DB-531A5FA8A5DF.jpeg","jetpack_sharing_enabled":true,"jetpack_likes_enabled":true,"amp_enabled":true,"_links":{"self":[{"href":"https:\/\/encuentroinformativo.com.mx\/index.php?rest_route=\/wp\/v2\/posts\/1710","targetHints":{"allow":["GET"]}}],"collection":[{"href":"https:\/\/encuentroinformativo.com.mx\/index.php?rest_route=\/wp\/v2\/posts"}],"about":[{"href":"https:\/\/encuentroinformativo.com.mx\/index.php?rest_route=\/wp\/v2\/types\/post"}],"author":[{"embeddable":true,"href":"https:\/\/encuentroinformativo.com.mx\/index.php?rest_route=\/wp\/v2\/users\/1"}],"replies":[{"embeddable":true,"href":"https:\/\/encuentroinformativo.com.mx\/index.php?rest_route=%2Fwp%2Fv2%2Fcomments&post=1710"}],"version-history":[{"count":1,"href":"https:\/\/encuentroinformativo.com.mx\/index.php?rest_route=\/wp\/v2\/posts\/1710\/revisions"}],"predecessor-version":[{"id":1712,"href":"https:\/\/encuentroinformativo.com.mx\/index.php?rest_route=\/wp\/v2\/posts\/1710\/revisions\/1712"}],"wp:featuredmedia":[{"embeddable":true,"href":"https:\/\/encuentroinformativo.com.mx\/index.php?rest_route=\/wp\/v2\/media\/1711"}],"wp:attachment":[{"href":"https:\/\/encuentroinformativo.com.mx\/index.php?rest_route=%2Fwp%2Fv2%2Fmedia&parent=1710"}],"wp:term":[{"taxonomy":"category","embeddable":true,"href":"https:\/\/encuentroinformativo.com.mx\/index.php?rest_route=%2Fwp%2Fv2%2Fcategories&post=1710"},{"taxonomy":"post_tag","embeddable":true,"href":"https:\/\/encuentroinformativo.com.mx\/index.php?rest_route=%2Fwp%2Fv2%2Ftags&post=1710"}],"curies":[{"name":"wp","href":"https:\/\/api.w.org\/{rel}","templated":true}]}}