{"id":17101,"date":"2021-08-04T13:00:05","date_gmt":"2021-08-04T18:00:05","guid":{"rendered":"https:\/\/encuentroinformativo.com.mx\/?p=17101"},"modified":"2021-08-04T13:00:09","modified_gmt":"2021-08-04T18:00:09","slug":"familiares-piden-a-autoridades-agilizar-busqueda-de-nayeli","status":"publish","type":"post","link":"https:\/\/encuentroinformativo.com.mx\/?p=17101","title":{"rendered":"Familiares piden a autoridades agilizar b\u00fasqueda de Nayeli"},"content":{"rendered":"\n<p><strong>Dar\u00edo Pale\/Juan Arcos<\/strong><\/p>\n\n\n\n<p>Xalapa, Ver.- Nayeli Romero D\u00edaz conduc\u00eda un taxi para llevar el sustento a su familia, pero el pasado viernes 30 de julio desapareci\u00f3 y nadie sabe nada de ella.<\/p>\n\n\n\n<p>Su familia protest\u00f3 frente a Palacio de Gobierno este mi\u00e9rcoles, para exigir a la Fiscal\u00eda General del Estado (FGE), a cargo de Ver\u00f3nica Hern\u00e1ndez Giad\u00e1ns, que agilice las investigaciones y sea localizada con vida.<\/p>\n\n\n\n<p>La joven de 31 a\u00f1os fue vista por \u00faltima vez sobre el Camino Antiguo al Sumidero, en su unidad de taxi.<\/p>\n\n\n\n<p>Su madre Flavia D\u00edaz Dom\u00ednguez indic\u00f3 que se perdi\u00f3 la comunicaci\u00f3n con Nayeli a las 13:30 horas y que dicha situaci\u00f3n no era recurrente por parte de ella.<\/p>\n\n\n\n<p>Indic\u00f3 que el taxi ya fue localizado en una colonia de la ciudad, pero aclar\u00f3 que no pod\u00eda dar m\u00e1s detalles por la secrec\u00eda de la investigaci\u00f3n.<\/p>\n\n\n\n<p>&#8220;Queremos que aparezca, la queremos viva, ya son cinco d\u00edas de los cuales s\u00f3lo ha aparecido el veh\u00edculo, no nos han dado avances de la investigaci\u00f3n, yo s\u00e9 que hay mucho trabajo que tiene la Fiscal\u00eda, pero ahorita es una desaparici\u00f3n, no estamos en la localizaci\u00f3n de un cad\u00e1ver&#8221;, se\u00f1al\u00f3.<\/p>\n\n\n\n<p>Adem\u00e1s, dio a conocer que fue presentada la denuncia por desaparici\u00f3n; sin embargo, han pasado cinco d\u00edas y no hay avances en las investigaciones.<\/p>\n\n\n\n<p>\u201cYa son cinco d\u00edas de no saber de ella. En el \u00faltimo lugar que la vieron fue en el camino antiguo al Sumidero\u201d.<\/p>\n\n\n\n<p>Tambi\u00e9n coment\u00f3 que, de acuerdo con testigos, la joven fue vista por \u00faltima vez con otra persona, de quien desconocen su identidad.<\/p>\n\n\n\n<p>Nayeli es madre de dos hijos, quienes dependen directamente de ella.<\/p>\n\n\n\n<p>Por tal motivo, sus familiares pidieron a la poblaci\u00f3n en general que si sabe algo sobre su paradero se comunique al tel\u00e9fono 2283 319 3187.<\/p>\n\n\n\n<figure class=\"wp-block-image size-large\"><img loading=\"lazy\" decoding=\"async\" width=\"1024\" height=\"576\" src=\"https:\/\/encuentroinformativo.com.mx\/wp-content\/uploads\/2021\/08\/C516DB55-F308-4FC1-B8B9-740121C77C57-1024x576.jpeg\" alt=\"\" class=\"wp-image-17103\" srcset=\"https:\/\/encuentroinformativo.com.mx\/wp-content\/uploads\/2021\/08\/C516DB55-F308-4FC1-B8B9-740121C77C57-1024x576.jpeg 1024w, https:\/\/encuentroinformativo.com.mx\/wp-content\/uploads\/2021\/08\/C516DB55-F308-4FC1-B8B9-740121C77C57-300x169.jpeg 300w, https:\/\/encuentroinformativo.com.mx\/wp-content\/uploads\/2021\/08\/C516DB55-F308-4FC1-B8B9-740121C77C57-768x432.jpeg 768w, https:\/\/encuentroinformativo.com.mx\/wp-content\/uploads\/2021\/08\/C516DB55-F308-4FC1-B8B9-740121C77C57.jpeg 1280w\" sizes=\"auto, (max-width: 1024px) 100vw, 1024px\" \/><\/figure>\n","protected":false},"excerpt":{"rendered":"<p>Dar\u00edo Pale\/Juan Arcos Xalapa, Ver.- Nayeli Romero D\u00edaz conduc\u00eda un taxi para llevar el sustento a su familia, pero el pasado viernes 30 de julio desapareci\u00f3 y nadie sabe nada de ella. Su familia protest\u00f3 frente a Palacio de Gobierno este mi\u00e9rcoles, para exigir a la Fiscal\u00eda General del Estado (FGE), a cargo de Ver\u00f3nica [&hellip;]<\/p>\n","protected":false},"author":1,"featured_media":17102,"comment_status":"open","ping_status":"open","sticky":false,"template":"","format":"standard","meta":{"_jetpack_memberships_contains_paid_content":false,"footnotes":""},"categories":[3],"tags":[],"class_list":["post-17101","post","type-post","status-publish","format-standard","has-post-thumbnail","hentry","category-xalapa"],"jetpack_featured_media_url":"https:\/\/encuentroinformativo.com.mx\/wp-content\/uploads\/2021\/08\/9D5C7265-3190-48F0-A9A8-0DBCC4343AC2.jpeg","jetpack_sharing_enabled":true,"jetpack_likes_enabled":true,"amp_enabled":true,"_links":{"self":[{"href":"https:\/\/encuentroinformativo.com.mx\/index.php?rest_route=\/wp\/v2\/posts\/17101","targetHints":{"allow":["GET"]}}],"collection":[{"href":"https:\/\/encuentroinformativo.com.mx\/index.php?rest_route=\/wp\/v2\/posts"}],"about":[{"href":"https:\/\/encuentroinformativo.com.mx\/index.php?rest_route=\/wp\/v2\/types\/post"}],"author":[{"embeddable":true,"href":"https:\/\/encuentroinformativo.com.mx\/index.php?rest_route=\/wp\/v2\/users\/1"}],"replies":[{"embeddable":true,"href":"https:\/\/encuentroinformativo.com.mx\/index.php?rest_route=%2Fwp%2Fv2%2Fcomments&post=17101"}],"version-history":[{"count":1,"href":"https:\/\/encuentroinformativo.com.mx\/index.php?rest_route=\/wp\/v2\/posts\/17101\/revisions"}],"predecessor-version":[{"id":17104,"href":"https:\/\/encuentroinformativo.com.mx\/index.php?rest_route=\/wp\/v2\/posts\/17101\/revisions\/17104"}],"wp:featuredmedia":[{"embeddable":true,"href":"https:\/\/encuentroinformativo.com.mx\/index.php?rest_route=\/wp\/v2\/media\/17102"}],"wp:attachment":[{"href":"https:\/\/encuentroinformativo.com.mx\/index.php?rest_route=%2Fwp%2Fv2%2Fmedia&parent=17101"}],"wp:term":[{"taxonomy":"category","embeddable":true,"href":"https:\/\/encuentroinformativo.com.mx\/index.php?rest_route=%2Fwp%2Fv2%2Fcategories&post=17101"},{"taxonomy":"post_tag","embeddable":true,"href":"https:\/\/encuentroinformativo.com.mx\/index.php?rest_route=%2Fwp%2Fv2%2Ftags&post=17101"}],"curies":[{"name":"wp","href":"https:\/\/api.w.org\/{rel}","templated":true}]}}