{"id":17112,"date":"2021-08-04T15:27:11","date_gmt":"2021-08-04T20:27:11","guid":{"rendered":"https:\/\/encuentroinformativo.com.mx\/?p=17112"},"modified":"2021-08-04T15:27:14","modified_gmt":"2021-08-04T20:27:14","slug":"se-atenderan-pendientes-de-agenda-legislativa-diputada","status":"publish","type":"post","link":"https:\/\/encuentroinformativo.com.mx\/?p=17112","title":{"rendered":"Se atender\u00e1n pendientes de agenda legislativa: Diputada"},"content":{"rendered":"\n<p><strong>Dar\u00edo Pale<\/strong><\/p>\n\n\n\n<p>Xalapa, Ver.- La presidenta de la mesa directiva del congreso del estado Adriana Linares Capitanachi, dio a conocer que continuar\u00e1n abordando temas pendientes en la agenda, antes del 5 de noviembre, esto luego de que concluy\u00f3 el tercer periodo de sesiones ordinarias.<\/p>\n\n\n\n<p>En entrevista dio a conocer que a pesar de que se sacaron varias iniciativas importantes para el estado, a\u00fan quedan otras como sacar la convocatoria para elegir comisionado o comisionada del IVAI y titular del Instituto Veracruzano de la Mujer.<\/p>\n\n\n\n<p>&#8220;Cumplimos con el periodo establecido por la ley. Sin embargo podemos citar a sesiones extraordinarias, las cuales podemos estar utilizando&#8221;, se\u00f1al\u00f3.<\/p>\n\n\n\n<p>En cuanto a la Sesi\u00f3n que se realizar\u00e1 el pr\u00f3ximo 24 de agosto en C\u00f3rdoba, dio a conocer que tienen &#8220;varias sorpresas&#8221; por los festejos de los &#8220;200 a\u00f1os del M\u00e9xico Independiente: Tratados de C\u00f3rdoba&#8221;.<\/p>\n\n\n\n<p>Por \u00faltimo record\u00f3 que, est\u00e1 legislatura que termina ser\u00e1 recordada en la historia por ser la primera en contar con Paridad de G\u00e9nero y sentar bases firmes al respecto en el estado.<\/p>\n","protected":false},"excerpt":{"rendered":"<p>Dar\u00edo Pale Xalapa, Ver.- La presidenta de la mesa directiva del congreso del estado Adriana Linares Capitanachi, dio a conocer que continuar\u00e1n abordando temas pendientes en la agenda, antes del 5 de noviembre, esto luego de que concluy\u00f3 el tercer periodo de sesiones ordinarias. En entrevista dio a conocer que a pesar de que se [&hellip;]<\/p>\n","protected":false},"author":1,"featured_media":16646,"comment_status":"open","ping_status":"open","sticky":false,"template":"","format":"standard","meta":{"_jetpack_memberships_contains_paid_content":false,"footnotes":""},"categories":[2],"tags":[],"class_list":["post-17112","post","type-post","status-publish","format-standard","has-post-thumbnail","hentry","category-estado"],"jetpack_featured_media_url":"https:\/\/encuentroinformativo.com.mx\/wp-content\/uploads\/2021\/07\/A9C55B23-D0B1-4BC0-BFD1-2AC6ECC53CFA.jpeg","jetpack_sharing_enabled":true,"jetpack_likes_enabled":true,"amp_enabled":true,"_links":{"self":[{"href":"https:\/\/encuentroinformativo.com.mx\/index.php?rest_route=\/wp\/v2\/posts\/17112","targetHints":{"allow":["GET"]}}],"collection":[{"href":"https:\/\/encuentroinformativo.com.mx\/index.php?rest_route=\/wp\/v2\/posts"}],"about":[{"href":"https:\/\/encuentroinformativo.com.mx\/index.php?rest_route=\/wp\/v2\/types\/post"}],"author":[{"embeddable":true,"href":"https:\/\/encuentroinformativo.com.mx\/index.php?rest_route=\/wp\/v2\/users\/1"}],"replies":[{"embeddable":true,"href":"https:\/\/encuentroinformativo.com.mx\/index.php?rest_route=%2Fwp%2Fv2%2Fcomments&post=17112"}],"version-history":[{"count":1,"href":"https:\/\/encuentroinformativo.com.mx\/index.php?rest_route=\/wp\/v2\/posts\/17112\/revisions"}],"predecessor-version":[{"id":17113,"href":"https:\/\/encuentroinformativo.com.mx\/index.php?rest_route=\/wp\/v2\/posts\/17112\/revisions\/17113"}],"wp:featuredmedia":[{"embeddable":true,"href":"https:\/\/encuentroinformativo.com.mx\/index.php?rest_route=\/wp\/v2\/media\/16646"}],"wp:attachment":[{"href":"https:\/\/encuentroinformativo.com.mx\/index.php?rest_route=%2Fwp%2Fv2%2Fmedia&parent=17112"}],"wp:term":[{"taxonomy":"category","embeddable":true,"href":"https:\/\/encuentroinformativo.com.mx\/index.php?rest_route=%2Fwp%2Fv2%2Fcategories&post=17112"},{"taxonomy":"post_tag","embeddable":true,"href":"https:\/\/encuentroinformativo.com.mx\/index.php?rest_route=%2Fwp%2Fv2%2Ftags&post=17112"}],"curies":[{"name":"wp","href":"https:\/\/api.w.org\/{rel}","templated":true}]}}