{"id":17114,"date":"2021-08-04T16:02:04","date_gmt":"2021-08-04T21:02:04","guid":{"rendered":"https:\/\/encuentroinformativo.com.mx\/?p=17114"},"modified":"2021-08-04T16:02:06","modified_gmt":"2021-08-04T21:02:06","slug":"ampliaran-bienestar-a-mas-de-850-mil-adultos-mayores-en-veracruz","status":"publish","type":"post","link":"https:\/\/encuentroinformativo.com.mx\/?p=17114","title":{"rendered":"Ampliar\u00e1n Bienestar a m\u00e1s de 850 mil adultos mayores en Veracruz"},"content":{"rendered":"\n<p><strong>Juan Arcos<\/strong><\/p>\n\n\n\n<p>Xalapa, Ver.- En el estado de Veracruz se beneficiar\u00e1 a casi 850 mil adultos mayores, mediante el programa federal de <em>Bienestar<\/em> que brinda una pensi\u00f3n a personas de m\u00e1s de 65 a\u00f1os.<\/p>\n\n\n\n<p>As\u00ed lo dio a conocer el delegado de Programas Sociales en Veracruz, Manuel Huerta Ladr\u00f3n de Guevara, quien a\u00f1adi\u00f3 que a partir de este mi\u00e9rcoles 4 de agosto se ampliar\u00e1 el programa Pensi\u00f3n para el Bienestar de las Personas Adultas Mayores.<\/p>\n\n\n\n<p>Enfatiz\u00f3 que, con la incorporaci\u00f3n de personas mayores de 65 a\u00f1os, se alcanzar\u00e1n a 194 mil 347, lo que representa un total de 849 mil 734 que contar\u00e1n con su pensi\u00f3n.<\/p>\n\n\n\n<p>El funcionario municipal record\u00f3 que por instrucciones del Presidente de M\u00e9xico, Andr\u00e9s Manuel L\u00f3pez Obrador, este derecho social se ampli\u00f3 para beneficiar de manera general a las personas a partir de los 65 a\u00f1os cumplidos, pues hasta ahora hab\u00eda sido a partir de los 68 a\u00f1os y de los 65 a\u00f1os \u00fanicamente para comunidades ind\u00edgenas y afrodescendientes.<\/p>\n\n\n\n<p>Detall\u00f3 que el tr\u00e1mite se realizar\u00e1 en m\u00f3dulos y en etapas con prioridad para los municipios m\u00e1s pobres, por lo que es necesario mantenerse pendientes de las convocatorias en cada localidad.<\/p>\n\n\n\n<p>\u201cHoy podemos decirles que en todo Veracruz tenemos 36 m\u00f3dulos, ma\u00f1ana ser\u00e1n 23, pasado ma\u00f1ana ser\u00e1n 27, es decir, en la etapa que estamos ahorita del 4 al 19 de agosto estamos incorporando en 350 puntos, as\u00ed tenemos un calendario por municipio, por punto, sede, por d\u00eda, por horario\u201d, expres\u00f3.<\/p>\n\n\n\n<p>Una vez realizado el tr\u00e1mite, se entregar\u00e1 a la persona adulta mayor su Tarjeta para el Bienestar para el pago de su pensi\u00f3n, que este a\u00f1o aument\u00f3 a 3 mil 100 pesos bimestrales.<\/p>\n\n\n\n<p>Cabe recordar que a nivel nacional m\u00e1s de 2.2 millones de adultos mayores ser\u00e1n registrados, lo que significa un total superior a los 10 millones de derechohabientes de la pensi\u00f3n en M\u00e9xico.<\/p>\n\n\n\n<p>Adem\u00e1s, cada bimestre se incorporar\u00e1n 450 mil personas y se espera que en abril de 2022 se concluya todo el registro para cubrir la meta.<\/p>\n","protected":false},"excerpt":{"rendered":"<p>Juan Arcos Xalapa, Ver.- En el estado de Veracruz se beneficiar\u00e1 a casi 850 mil adultos mayores, mediante el programa federal de Bienestar que brinda una pensi\u00f3n a personas de m\u00e1s de 65 a\u00f1os. As\u00ed lo dio a conocer el delegado de Programas Sociales en Veracruz, Manuel Huerta Ladr\u00f3n de Guevara, quien a\u00f1adi\u00f3 que a [&hellip;]<\/p>\n","protected":false},"author":1,"featured_media":17115,"comment_status":"open","ping_status":"open","sticky":false,"template":"","format":"standard","meta":{"_jetpack_memberships_contains_paid_content":false,"footnotes":""},"categories":[2],"tags":[],"class_list":["post-17114","post","type-post","status-publish","format-standard","has-post-thumbnail","hentry","category-estado"],"jetpack_featured_media_url":"https:\/\/encuentroinformativo.com.mx\/wp-content\/uploads\/2021\/08\/7E606748-6821-4CC4-AFC3-6D39D42F03E3.jpeg","jetpack_sharing_enabled":true,"jetpack_likes_enabled":true,"amp_enabled":true,"_links":{"self":[{"href":"https:\/\/encuentroinformativo.com.mx\/index.php?rest_route=\/wp\/v2\/posts\/17114","targetHints":{"allow":["GET"]}}],"collection":[{"href":"https:\/\/encuentroinformativo.com.mx\/index.php?rest_route=\/wp\/v2\/posts"}],"about":[{"href":"https:\/\/encuentroinformativo.com.mx\/index.php?rest_route=\/wp\/v2\/types\/post"}],"author":[{"embeddable":true,"href":"https:\/\/encuentroinformativo.com.mx\/index.php?rest_route=\/wp\/v2\/users\/1"}],"replies":[{"embeddable":true,"href":"https:\/\/encuentroinformativo.com.mx\/index.php?rest_route=%2Fwp%2Fv2%2Fcomments&post=17114"}],"version-history":[{"count":1,"href":"https:\/\/encuentroinformativo.com.mx\/index.php?rest_route=\/wp\/v2\/posts\/17114\/revisions"}],"predecessor-version":[{"id":17116,"href":"https:\/\/encuentroinformativo.com.mx\/index.php?rest_route=\/wp\/v2\/posts\/17114\/revisions\/17116"}],"wp:featuredmedia":[{"embeddable":true,"href":"https:\/\/encuentroinformativo.com.mx\/index.php?rest_route=\/wp\/v2\/media\/17115"}],"wp:attachment":[{"href":"https:\/\/encuentroinformativo.com.mx\/index.php?rest_route=%2Fwp%2Fv2%2Fmedia&parent=17114"}],"wp:term":[{"taxonomy":"category","embeddable":true,"href":"https:\/\/encuentroinformativo.com.mx\/index.php?rest_route=%2Fwp%2Fv2%2Fcategories&post=17114"},{"taxonomy":"post_tag","embeddable":true,"href":"https:\/\/encuentroinformativo.com.mx\/index.php?rest_route=%2Fwp%2Fv2%2Ftags&post=17114"}],"curies":[{"name":"wp","href":"https:\/\/api.w.org\/{rel}","templated":true}]}}