{"id":17120,"date":"2021-08-04T18:24:46","date_gmt":"2021-08-04T23:24:46","guid":{"rendered":"https:\/\/encuentroinformativo.com.mx\/?p=17120"},"modified":"2021-08-04T18:24:51","modified_gmt":"2021-08-04T23:24:51","slug":"por-feria-ganadera-sesver-se-queda-sin-sede-para-vacunar-en-tuxpan","status":"publish","type":"post","link":"https:\/\/encuentroinformativo.com.mx\/?p=17120","title":{"rendered":"Por Feria Ganadera, SESVER se queda sin sede para vacunar en Tuxpan"},"content":{"rendered":"\n<p><strong>Alejandro \u00c1vila<\/strong><\/p>\n\n\n\n<p>Tuxpan, Ver.- La Asociaci\u00f3n Ganadera de Tuxpan de Rodr\u00edguez Cano intenta a toda costa realizar su Feria 2021, no importando que dichas instalaciones son el lugar designado para la vacunaci\u00f3n en la ciudad de los &#8220;bellos atardeceres&#8221;.<\/p>\n\n\n\n<p>Los ganaderos argumentan que debido a la pandemia el evento tuvo que ser suspendido en 2020 y, en t\u00e9rminos econ\u00f3micos es de beneficio para la ciudad realizar la edici\u00f3n de este a\u00f1o, pues as\u00ed se detonar\u00e1 el flujo monetario en un municipio que se ha deslucido por el paso del COVID-19.<\/p>\n\n\n\n<p>La sede de la Asociaci\u00f3n Ganadera, ubicada a un costado del Estero Tenechaco, es ahora la base central de la Secretar\u00eda de Salud de Veracruz para la vacunaci\u00f3n anticovid; caprichosamente los ganaderos pretenden realizar la Feria anual en honor a la Virgen Asunci\u00f3n de Mar\u00eda, entre los d\u00edas 14 y 22 de agosto, afectando as\u00ed la segunda dosis de mayores de 40 a\u00f1os, y la primer dosis de los jovenes de 18 a 29 a\u00f1os, la llamada &#8220;generaci\u00f3n de cristal&#8221;.<\/p>\n\n\n\n<p>En primera instancia y ante este anunci\u00f3, se pens\u00f3 reubicar todo en el parque del Bicentenario. Aunque tras un analisis, y debido a las condiciones que presenta, se lleg\u00f3 a la conclusi\u00f3n de que no es apto para llevar a cabo la jornada de vacunaci\u00f3n.<\/p>\n\n\n\n<p>El recinto ferial ha sido el modulo sede para la aplicaci\u00f3n del biol\u00f3gico contra el COVID-19 desde el inicio del Plan Nacional de Vacunaci\u00f3n; por lo que, ante la necedad de los ganaderos por realizar la feria, la Secretar\u00eda de Salud marcha contra reloj para encontrar o acondicionar alg\u00fan otro lugar, donde se puedan completar los esquemas de vacunaci\u00f3n, y se aplique las primeras dosis del biol\u00f3gico a los j\u00f3venes.<\/p>\n","protected":false},"excerpt":{"rendered":"<p>Alejandro \u00c1vila Tuxpan, Ver.- La Asociaci\u00f3n Ganadera de Tuxpan de Rodr\u00edguez Cano intenta a toda costa realizar su Feria 2021, no importando que dichas instalaciones son el lugar designado para la vacunaci\u00f3n en la ciudad de los &#8220;bellos atardeceres&#8221;. Los ganaderos argumentan que debido a la pandemia el evento tuvo que ser suspendido en 2020 [&hellip;]<\/p>\n","protected":false},"author":1,"featured_media":17121,"comment_status":"open","ping_status":"open","sticky":false,"template":"","format":"standard","meta":{"_jetpack_memberships_contains_paid_content":false,"footnotes":""},"categories":[9],"tags":[],"class_list":["post-17120","post","type-post","status-publish","format-standard","has-post-thumbnail","hentry","category-salud"],"jetpack_featured_media_url":"https:\/\/encuentroinformativo.com.mx\/wp-content\/uploads\/2021\/08\/9F0FFECD-33EE-4B76-93E8-AA8369B5DDD9.jpeg","jetpack_sharing_enabled":true,"jetpack_likes_enabled":true,"amp_enabled":true,"_links":{"self":[{"href":"https:\/\/encuentroinformativo.com.mx\/index.php?rest_route=\/wp\/v2\/posts\/17120","targetHints":{"allow":["GET"]}}],"collection":[{"href":"https:\/\/encuentroinformativo.com.mx\/index.php?rest_route=\/wp\/v2\/posts"}],"about":[{"href":"https:\/\/encuentroinformativo.com.mx\/index.php?rest_route=\/wp\/v2\/types\/post"}],"author":[{"embeddable":true,"href":"https:\/\/encuentroinformativo.com.mx\/index.php?rest_route=\/wp\/v2\/users\/1"}],"replies":[{"embeddable":true,"href":"https:\/\/encuentroinformativo.com.mx\/index.php?rest_route=%2Fwp%2Fv2%2Fcomments&post=17120"}],"version-history":[{"count":1,"href":"https:\/\/encuentroinformativo.com.mx\/index.php?rest_route=\/wp\/v2\/posts\/17120\/revisions"}],"predecessor-version":[{"id":17122,"href":"https:\/\/encuentroinformativo.com.mx\/index.php?rest_route=\/wp\/v2\/posts\/17120\/revisions\/17122"}],"wp:featuredmedia":[{"embeddable":true,"href":"https:\/\/encuentroinformativo.com.mx\/index.php?rest_route=\/wp\/v2\/media\/17121"}],"wp:attachment":[{"href":"https:\/\/encuentroinformativo.com.mx\/index.php?rest_route=%2Fwp%2Fv2%2Fmedia&parent=17120"}],"wp:term":[{"taxonomy":"category","embeddable":true,"href":"https:\/\/encuentroinformativo.com.mx\/index.php?rest_route=%2Fwp%2Fv2%2Fcategories&post=17120"},{"taxonomy":"post_tag","embeddable":true,"href":"https:\/\/encuentroinformativo.com.mx\/index.php?rest_route=%2Fwp%2Fv2%2Ftags&post=17120"}],"curies":[{"name":"wp","href":"https:\/\/api.w.org\/{rel}","templated":true}]}}