{"id":17126,"date":"2021-08-05T11:38:37","date_gmt":"2021-08-05T16:38:37","guid":{"rendered":"https:\/\/encuentroinformativo.com.mx\/?p=17126"},"modified":"2021-08-05T11:38:41","modified_gmt":"2021-08-05T16:38:41","slug":"docentes-denuncian-despidos-injustificados-en-universidades-del-bienestar","status":"publish","type":"post","link":"https:\/\/encuentroinformativo.com.mx\/?p=17126","title":{"rendered":"Docentes denuncian despidos injustificados en Universidades del Bienestar"},"content":{"rendered":"\n<p><strong>Redacci\u00f3n<\/strong><\/p>\n\n\n\n<p>Xalapa, Ver.- A tan solo unas semanas de iniciar el pr\u00f3ximo ciclo escolar docentes acusan ser v\u00edctimas de despidos injustificados en las Universidades para el Bienestar Benito Ju\u00e1rez. <\/p>\n\n\n\n<p>Trabajadores que por temor a represalias solicitaron omitir sus nombres, dieron a conocer en un documento dirigido a la Opini\u00f3n P\u00fablica, que desde hace unos d\u00edas comenzaron a recibir correos electr\u00f3nicos donde las autoridades les est\u00e1n notificando la conclusi\u00f3n de sus servicios acad\u00e9micos.<\/p>\n\n\n\n<p>\u201c<strong>Se aduce por parte de la Directora General, Dra. Raquel Sosa Elizaga que no hay despidos, sino que no han sido renovados los convenios laborales con docentes<\/strong>, sin embargo, han llegado correos electr\u00f3nicos a los coordinadores de diversas sedes donde se da por concluida la relaci\u00f3n laboral sin mediar ning\u00fan tipo de notificaci\u00f3n al docente afectado m\u00e1s que el no pago de las quincenas laboradas\u201d, se\u00f1ala el documento.<\/p>\n\n\n\n<p>\u201cSe supone que manejan el no cumplimiento del perfil acad\u00e9mico, aun cuando los docentes que actualmente imparten c\u00e1tedra con antig\u00fcedades que van de 1 a 3 a\u00f1os han sido aprobados satisfactoriamente en los procedimientos de inducci\u00f3n y selecci\u00f3n efectuado por el Organismo Coordinador de las Universidades del Bienestar Benito Ju\u00e1rez Garc\u00eda, marcados por ellos mismos, como se manifiesta en el Convenio celebrado hasta el 30 de junio del a\u00f1o en curso\u201d.<\/p>\n\n\n\n<p>Los afectados explican que ning\u00fan docente en todo el pa\u00eds tiene convenio celebrado a partir del 1\u00b0 de julio del a\u00f1o en curso, ello a pesar de que los maestros est\u00e1n laborando en el curso de recuperaci\u00f3n de conocimientos para los estudiantes de nuevo ingreso.<\/p>\n\n\n\n<p>Del mismo modo, los maestros se\u00f1alan que ha sido el cuerpo acad\u00e9mico el que ha permitido la consolidaci\u00f3n de las universidades desde su fundaci\u00f3n hace tres a\u00f1os, debido a que es la calidad educativa de la plantilla docente la que ha contribuido a afianzar el crecimiento de estas instituciones.<\/p>\n\n\n\n<p>Motivo por el cual demandan su reinstalaci\u00f3n: \u201c<strong>Solicitamos la reinstalaci\u00f3n inmediata de los profesionistas despedidos y no continuar con la pol\u00edtica de despidos injustificados<\/strong>, as\u00ed como la contrataci\u00f3n conforme a lo establecido en nuestra Constituci\u00f3n Pol\u00edtica de los Estados Unidos Mexicanos y la Ley Federal del Trabajo\u201d.<\/p>\n\n\n\n<p>Finalmente el escrito concluye con una \u201cReflexi\u00f3n Final\u201d que hace un llamado al presidente de la Rep\u00fablica: \u201c\u00bfD\u00f3nde queda lo manifestado por el Presidente de la Rep\u00fablica, Lic. Andr\u00e9s Manuel L\u00f3pez Obrador respecto de terminar con la \u201csubcontrataci\u00f3n\u201d (outsourcing) si en estas universidades se hace totalmente lo contrario al no otorgar servicio m\u00e9dico, vacaciones, aguinaldo y ning\u00fan tipo de prestaci\u00f3n establecido en la Ley Federal del Trabajo al personal docente y administrativo? \u00bfEs v\u00e1lido tener este tipo de situaciones con el gobierno del cambio que tanto se ha jactado de ser diferente?\u201d<\/p>\n\n\n\n<p>\u201cPorque <strong>de este lado los docentes tambi\u00e9n somos diferentes, ya que gracias al esfuerzo de \u00e9stos, desde hace m\u00e1s de tres a\u00f1os ha podido consolidarse este proyecto <\/strong>y ahora que ya est\u00e1 consolidado, comprobado con la matr\u00edcula del nuevo ingreso de estudiantes para este cuatrimestre 2021-2 ahora resulta que los docentes ya no cumplen con los perfiles requeridos por este organismo desconcentrado, lo cual resulta una incongruencia\u201d.<\/p>\n\n\n\n<p>De esta forma maestros y maestras que forman parte de las Universidades del Bienestar en todo el pa\u00eds han dado a conocer las diversas irregularidades de las cuales est\u00e1n siendo v\u00edctimas en sus puestos de trabajo.<\/p>\n\n\n\n<p><strong>Foto: <\/strong>Universidades del Bienestar <\/p>\n","protected":false},"excerpt":{"rendered":"<p>Redacci\u00f3n Xalapa, Ver.- A tan solo unas semanas de iniciar el pr\u00f3ximo ciclo escolar docentes acusan ser v\u00edctimas de despidos injustificados en las Universidades para el Bienestar Benito Ju\u00e1rez. Trabajadores que por temor a represalias solicitaron omitir sus nombres, dieron a conocer en un documento dirigido a la Opini\u00f3n P\u00fablica, que desde hace unos d\u00edas [&hellip;]<\/p>\n","protected":false},"author":1,"featured_media":17127,"comment_status":"open","ping_status":"open","sticky":false,"template":"","format":"standard","meta":{"_jetpack_memberships_contains_paid_content":false,"footnotes":""},"categories":[12],"tags":[],"class_list":["post-17126","post","type-post","status-publish","format-standard","has-post-thumbnail","hentry","category-nacional"],"jetpack_featured_media_url":"https:\/\/encuentroinformativo.com.mx\/wp-content\/uploads\/2021\/08\/99585D69-CD7A-4F1D-B45F-52DE0469BC3F.jpeg","jetpack_sharing_enabled":true,"jetpack_likes_enabled":true,"amp_enabled":true,"_links":{"self":[{"href":"https:\/\/encuentroinformativo.com.mx\/index.php?rest_route=\/wp\/v2\/posts\/17126","targetHints":{"allow":["GET"]}}],"collection":[{"href":"https:\/\/encuentroinformativo.com.mx\/index.php?rest_route=\/wp\/v2\/posts"}],"about":[{"href":"https:\/\/encuentroinformativo.com.mx\/index.php?rest_route=\/wp\/v2\/types\/post"}],"author":[{"embeddable":true,"href":"https:\/\/encuentroinformativo.com.mx\/index.php?rest_route=\/wp\/v2\/users\/1"}],"replies":[{"embeddable":true,"href":"https:\/\/encuentroinformativo.com.mx\/index.php?rest_route=%2Fwp%2Fv2%2Fcomments&post=17126"}],"version-history":[{"count":1,"href":"https:\/\/encuentroinformativo.com.mx\/index.php?rest_route=\/wp\/v2\/posts\/17126\/revisions"}],"predecessor-version":[{"id":17128,"href":"https:\/\/encuentroinformativo.com.mx\/index.php?rest_route=\/wp\/v2\/posts\/17126\/revisions\/17128"}],"wp:featuredmedia":[{"embeddable":true,"href":"https:\/\/encuentroinformativo.com.mx\/index.php?rest_route=\/wp\/v2\/media\/17127"}],"wp:attachment":[{"href":"https:\/\/encuentroinformativo.com.mx\/index.php?rest_route=%2Fwp%2Fv2%2Fmedia&parent=17126"}],"wp:term":[{"taxonomy":"category","embeddable":true,"href":"https:\/\/encuentroinformativo.com.mx\/index.php?rest_route=%2Fwp%2Fv2%2Fcategories&post=17126"},{"taxonomy":"post_tag","embeddable":true,"href":"https:\/\/encuentroinformativo.com.mx\/index.php?rest_route=%2Fwp%2Fv2%2Ftags&post=17126"}],"curies":[{"name":"wp","href":"https:\/\/api.w.org\/{rel}","templated":true}]}}