{"id":17132,"date":"2021-08-05T13:41:35","date_gmt":"2021-08-05T18:41:35","guid":{"rendered":"https:\/\/encuentroinformativo.com.mx\/?p=17132"},"modified":"2021-08-05T13:41:39","modified_gmt":"2021-08-05T18:41:39","slug":"persiste-favoritismo-en-cambios-de-adscripcion-acusan-maestros","status":"publish","type":"post","link":"https:\/\/encuentroinformativo.com.mx\/?p=17132","title":{"rendered":"Persiste  \u201cfavoritismo\u201d en cambios de adscripci\u00f3n, acusan maestros"},"content":{"rendered":"\n<p><strong>Juan Arcos<\/strong> <\/p>\n\n\n\n<p>Xalapa, Ver.- Profesores de Educaci\u00f3n Especial siguen sin poder acceder a cambios de adscripci\u00f3n por presuntas anomal\u00edas al interior de la Secretar\u00eda de Educaci\u00f3n de Veracruz (SEV).<\/p>\n\n\n\n<p>Los docentes denunciaron que laboran en los municipios de El Higo, Plat\u00f3n S\u00e1nchez y Benito Ju\u00e1rez; sin embargo, desde el pasado 12 de agosto de 2020 no han sido ofertados los lugares para acercarse a sus lugares de residencia.<\/p>\n\n\n\n<p>De acuerdo con una acad\u00e9mica inconforme, quien solicit\u00f3 el anonimato por temor a represalias, existe una convocatoria pro parte de la Secretar\u00eda de Educaci\u00f3n de Veracruz (SEV) para acceder a cambios de adscripci\u00f3n; sin embargo, s\u00f3lo se ofertan espacios en sitios alegados de zonas urbanas.<\/p>\n\n\n\n<p>\u201cLos lugares que oferta la Secretar\u00eda de Educaci\u00f3n de Veracruz son municipios lejanos y en estos municipios es en donde se inicia la labor docente\u201d.<\/p>\n\n\n\n<p>La entrevistada enfatiz\u00f3 que hay maestras y maestros de nuevo ingreso que consiguen sus cambios a lugares de la regi\u00f3n capital de Veracruz, Xalapa, Coatepec y Banderilla, lo que consideran \u201cinjusto\u201d.<\/p>\n\n\n\n<p>\u201cEstamos en pie de lucha para que haya condiciones adecuadas en los cambios de adscripci\u00f3n, ya que hay docentes con m\u00e1s de 15 a\u00f1os de labor y preparaci\u00f3n profesional sin recibir un cambio justo\u201d.<\/p>\n\n\n\n<p>Los profesores tambi\u00e9n solicitaron la apertura de nuevos espacios de Educaci\u00f3n Especial en la entidad, toda vez que actualmente hay carencia de personal en los planteles.<\/p>\n\n\n\n<p>\u201cEsta situaci\u00f3n no solo concierne a docentes, tambi\u00e9n afecta al cambio de adscripci\u00f3n de psic\u00f3logas y trabajadores sociales que de igual forma no han tenido acceso al derecho justo de movilidad laboral\u201d, manifestaron.<\/p>\n\n\n\n<p>En ese sentido, no se descarta la posibilidad de que haya protestas en la capital del estado por parte del Movimiento \u00danico de Educaci\u00f3n Especial Veracruz, para reclamar un proceso imparcial y transparente para la creaci\u00f3n de nuevas plazas docentes en Educaci\u00f3n Especial.<\/p>\n","protected":false},"excerpt":{"rendered":"<p>Juan Arcos Xalapa, Ver.- Profesores de Educaci\u00f3n Especial siguen sin poder acceder a cambios de adscripci\u00f3n por presuntas anomal\u00edas al interior de la Secretar\u00eda de Educaci\u00f3n de Veracruz (SEV). Los docentes denunciaron que laboran en los municipios de El Higo, Plat\u00f3n S\u00e1nchez y Benito Ju\u00e1rez; sin embargo, desde el pasado 12 de agosto de 2020 [&hellip;]<\/p>\n","protected":false},"author":1,"featured_media":17133,"comment_status":"open","ping_status":"open","sticky":false,"template":"","format":"standard","meta":{"_jetpack_memberships_contains_paid_content":false,"footnotes":""},"categories":[2],"tags":[],"class_list":["post-17132","post","type-post","status-publish","format-standard","has-post-thumbnail","hentry","category-estado"],"jetpack_featured_media_url":"https:\/\/encuentroinformativo.com.mx\/wp-content\/uploads\/2021\/08\/63C161B3-9720-429E-8A16-2586515645A2.jpeg","jetpack_sharing_enabled":true,"jetpack_likes_enabled":true,"amp_enabled":true,"_links":{"self":[{"href":"https:\/\/encuentroinformativo.com.mx\/index.php?rest_route=\/wp\/v2\/posts\/17132","targetHints":{"allow":["GET"]}}],"collection":[{"href":"https:\/\/encuentroinformativo.com.mx\/index.php?rest_route=\/wp\/v2\/posts"}],"about":[{"href":"https:\/\/encuentroinformativo.com.mx\/index.php?rest_route=\/wp\/v2\/types\/post"}],"author":[{"embeddable":true,"href":"https:\/\/encuentroinformativo.com.mx\/index.php?rest_route=\/wp\/v2\/users\/1"}],"replies":[{"embeddable":true,"href":"https:\/\/encuentroinformativo.com.mx\/index.php?rest_route=%2Fwp%2Fv2%2Fcomments&post=17132"}],"version-history":[{"count":1,"href":"https:\/\/encuentroinformativo.com.mx\/index.php?rest_route=\/wp\/v2\/posts\/17132\/revisions"}],"predecessor-version":[{"id":17134,"href":"https:\/\/encuentroinformativo.com.mx\/index.php?rest_route=\/wp\/v2\/posts\/17132\/revisions\/17134"}],"wp:featuredmedia":[{"embeddable":true,"href":"https:\/\/encuentroinformativo.com.mx\/index.php?rest_route=\/wp\/v2\/media\/17133"}],"wp:attachment":[{"href":"https:\/\/encuentroinformativo.com.mx\/index.php?rest_route=%2Fwp%2Fv2%2Fmedia&parent=17132"}],"wp:term":[{"taxonomy":"category","embeddable":true,"href":"https:\/\/encuentroinformativo.com.mx\/index.php?rest_route=%2Fwp%2Fv2%2Fcategories&post=17132"},{"taxonomy":"post_tag","embeddable":true,"href":"https:\/\/encuentroinformativo.com.mx\/index.php?rest_route=%2Fwp%2Fv2%2Ftags&post=17132"}],"curies":[{"name":"wp","href":"https:\/\/api.w.org\/{rel}","templated":true}]}}