{"id":17141,"date":"2021-08-05T14:57:35","date_gmt":"2021-08-05T19:57:35","guid":{"rendered":"https:\/\/encuentroinformativo.com.mx\/?p=17141"},"modified":"2021-08-05T14:57:39","modified_gmt":"2021-08-05T19:57:39","slug":"respalda-centro-prodh-caso-de-july-n","status":"publish","type":"post","link":"https:\/\/encuentroinformativo.com.mx\/?p=17141","title":{"rendered":"Respalda Centro Prodh caso de July \u201cN\u201d"},"content":{"rendered":"\n<p><strong>Dar\u00edo Pale <\/strong><\/p>\n\n\n\n<p>Xalapa, Ver.- La abogada Alejandra Helguera abogada y las colaboradora del Centro de Derechos Humanos &#8220;Miguel Agust\u00edn Pro Ju\u00e1rez&#8221; (Centro Prodh) dio a conocer que hoy se lleva a cabo la audiencia Intermedia de July &#8220;N&#8221; quien es una de las dos personas detenidas, involucradas en el crimen de la rectora de la Universidad &#8220;Valladolid&#8221;, Guadalupe Mart\u00ednez Aguilar, ocurrido en el a\u00f1o 2020 y esperan que se acepten varias pruebas a su favor.<\/p>\n\n\n\n<p>Entrevistada a las afueras de los juzgados se\u00f1al\u00f3 que no han aceptado que se le practique el protocolo Estambul, toda vez que fue violada para que firmara una declaraci\u00f3n en la que acepta haber participado en el crimen de la acad\u00e9mica.<\/p>\n\n\n\n<p>Dio a conocer que July &#8220;N&#8221; fue v\u00edctima de violencia sexual durante el traslado hacia Pacho Viejo, el 6 de noviembre de 2021, por parte de elementos de la Polic\u00eda Ministerial,<br>&#8220;creemos que es muy importante que las fiscal\u00edas dejen de armar sus investigaciones a trav\u00e9s de la tortura y que July tenga acceso a la justicia por lo que le pas\u00f3&#8221;.<\/p>\n\n\n\n<p>&#8220;La acusada fue detenida el 6 de noviembre en la Ciudad de M\u00e9xico en donde radica con su familia y trabaja all\u00e1. Cuando fue detenida fue trasladada a Veracruz y fue en el traslado cuando fue v\u00edctima de violencia sexual por parte de elementos ministeriales, ella fue presionada y fue sujeta a tortura sexual&#8221;, se\u00f1al\u00f3.<\/p>\n\n\n\n<p>En tanto, el abogado defensor, Ren\u00e9 Rodolfo Parate Corona, explic\u00f3 que este d\u00eda se lleva a cabo la audiencia intermedia y espera que no se posponga despu\u00e9s de que se llev\u00f3 a cabo el cambio de juez, ya que debido a su mala actuaci\u00f3n interpusieron una queja ante el Poder Judicial porque el juez Marco Antonio Rodr\u00edguez Lobato declar\u00f3 nula la declaraci\u00f3n de su representada, el pasado 6 de enero de este a\u00f1o.<\/p>\n\n\n\n<p>&#8220;El juez no quiso hacer v\u00e1lida la declaraci\u00f3n de una persona que es propietaria de la escuela donde estaba July el d\u00eda de los hechos, el 29 de junio de 2020, en la Ciudad de M\u00e9xico, la se\u00f1ora se quiso presentar, pero el juez Lobato dijo que le causaba duda de si se presentaba o no, fue un acto dilatorio, uno de tantos que el juez ha hecho en su haber como juez&#8221;, acuso.<\/p>\n\n\n\n<p>Respecto del protocolo de Estambul indic\u00f3 que la familia iba a pagarlo, as\u00ed como una prueba en grafoscopia por parte de la perito, Lol-Ha P\u00e9rez Landa, pero no se los han autorizado.<\/p>\n\n\n\n<p>&#8220;Gracias al grupo de abogadas de M\u00e9xico, al parecer ya se llevaron el procedimiento a la Ciudad de M\u00e9xico\u201d.<\/p>\n\n\n\n<p>Asimismo, indic\u00f3 que ya present\u00f3 una queja ante el Tribunal Superior de Justicia en contra del juez Marco Antonio Rodr\u00edguez Lobato, pero la respuesta de la presidenta de dicha soberan\u00eda fue que ten\u00eda amplia decisi\u00f3n para determinar qu\u00e9 aceptar y que no.<\/p>\n\n\n\n<p>Sin embargo, afirm\u00f3 que se modific\u00f3 la Constituci\u00f3n para que eso no sucediera, es decir, los jueces no tienen total imperio sobre las decisiones que toman, para eso est\u00e1 el Poder Judicial.<\/p>\n\n\n\n<p>&#8220;Cuando fui me dijeron no podemos hacer nada. No s\u00e9 si protegieron al juez Lobato, pero nos pusieron otro juez, otro que se ve una persona m\u00e1s letrada y m\u00e1s consciente&#8221;, opin\u00f3.<\/p>\n\n\n\n<p>Finalmente, durante la audiencia de este jueves se ver\u00e1 que pruebas acepta el nuevo juez y cu\u00e1les no, posteriormente se deber\u00e1 llevar a cabo la audiencia de juicio, ya que interpusieron un amparo ante el Juzgado Decimos\u00e9ptimo de Distrito con sede en Xalapa, por la omisi\u00f3n de no haber practicado el protocolo de Estambul.<\/p>\n","protected":false},"excerpt":{"rendered":"<p>Dar\u00edo Pale Xalapa, Ver.- La abogada Alejandra Helguera abogada y las colaboradora del Centro de Derechos Humanos &#8220;Miguel Agust\u00edn Pro Ju\u00e1rez&#8221; (Centro Prodh) dio a conocer que hoy se lleva a cabo la audiencia Intermedia de July &#8220;N&#8221; quien es una de las dos personas detenidas, involucradas en el crimen de la rectora de la [&hellip;]<\/p>\n","protected":false},"author":1,"featured_media":17142,"comment_status":"open","ping_status":"open","sticky":false,"template":"","format":"standard","meta":{"_jetpack_memberships_contains_paid_content":false,"footnotes":""},"categories":[3],"tags":[],"class_list":["post-17141","post","type-post","status-publish","format-standard","has-post-thumbnail","hentry","category-xalapa"],"jetpack_featured_media_url":"https:\/\/encuentroinformativo.com.mx\/wp-content\/uploads\/2021\/08\/79206D5A-CE54-4CEB-82C0-28053B87ABED.jpeg","jetpack_sharing_enabled":true,"jetpack_likes_enabled":true,"amp_enabled":true,"_links":{"self":[{"href":"https:\/\/encuentroinformativo.com.mx\/index.php?rest_route=\/wp\/v2\/posts\/17141","targetHints":{"allow":["GET"]}}],"collection":[{"href":"https:\/\/encuentroinformativo.com.mx\/index.php?rest_route=\/wp\/v2\/posts"}],"about":[{"href":"https:\/\/encuentroinformativo.com.mx\/index.php?rest_route=\/wp\/v2\/types\/post"}],"author":[{"embeddable":true,"href":"https:\/\/encuentroinformativo.com.mx\/index.php?rest_route=\/wp\/v2\/users\/1"}],"replies":[{"embeddable":true,"href":"https:\/\/encuentroinformativo.com.mx\/index.php?rest_route=%2Fwp%2Fv2%2Fcomments&post=17141"}],"version-history":[{"count":1,"href":"https:\/\/encuentroinformativo.com.mx\/index.php?rest_route=\/wp\/v2\/posts\/17141\/revisions"}],"predecessor-version":[{"id":17143,"href":"https:\/\/encuentroinformativo.com.mx\/index.php?rest_route=\/wp\/v2\/posts\/17141\/revisions\/17143"}],"wp:featuredmedia":[{"embeddable":true,"href":"https:\/\/encuentroinformativo.com.mx\/index.php?rest_route=\/wp\/v2\/media\/17142"}],"wp:attachment":[{"href":"https:\/\/encuentroinformativo.com.mx\/index.php?rest_route=%2Fwp%2Fv2%2Fmedia&parent=17141"}],"wp:term":[{"taxonomy":"category","embeddable":true,"href":"https:\/\/encuentroinformativo.com.mx\/index.php?rest_route=%2Fwp%2Fv2%2Fcategories&post=17141"},{"taxonomy":"post_tag","embeddable":true,"href":"https:\/\/encuentroinformativo.com.mx\/index.php?rest_route=%2Fwp%2Fv2%2Ftags&post=17141"}],"curies":[{"name":"wp","href":"https:\/\/api.w.org\/{rel}","templated":true}]}}