{"id":17147,"date":"2021-08-05T16:16:47","date_gmt":"2021-08-05T21:16:47","guid":{"rendered":"https:\/\/encuentroinformativo.com.mx\/?p=17147"},"modified":"2021-08-05T16:16:51","modified_gmt":"2021-08-05T21:16:51","slug":"llego-equipo-enfriador-a-hospital-issste-veracruz-puerto","status":"publish","type":"post","link":"https:\/\/encuentroinformativo.com.mx\/?p=17147","title":{"rendered":"Lleg\u00f3 equipo enfriador a Hospital ISSSTE Veracruz puerto"},"content":{"rendered":"\n<p><strong>Alejandro \u00c1vila<\/strong><\/p>\n\n\n\n<p>Veracruz, Ver.- La madrugada de este jueves, finalmente fue entregado el Chiller, el equipo enfriador que se estima podr\u00e1 ayudar a alcanzar la temperatura \u00f3ptima para toda actividad en quir\u00f3fanos del Hospital Regional del ISSSTE en Veracruz puerto.<\/p>\n\n\n\n<p>El director general del ISSSTE, Luis Antonio Ram\u00edrez Pineda, se\u00f1al\u00f3 que el costo estimado de la equipaci\u00f3n, oscila en los 7 millones de pesos.<\/p>\n\n\n\n<p>Cabe recordar, que desde hace m\u00e1s de un a\u00f1o, el Hospital Regional ISSSTE de Alta Especialidad sede Veracruz puerto, hab\u00eda sido denunciado ante los medios de comunicaci\u00f3n por la falta de aire acondicionado, donde se asegur\u00f3 esta sitiaci\u00f3n afect\u00f3 la salud de diversos derechohanientes y que se recrudeci\u00f3 durante la pandemia por COVID-19.<\/p>\n\n\n\n<p>El peso del equipo es de 5 toneladas, por lo que se solicit\u00f3 el apoyo de Transito Municipal, para poder tener un espacio amplio para la maquinaria que coloc\u00f3 el Chiller en la parte superior del hospital.<\/p>\n\n\n\n<p>El personal del ISSSTE, explic\u00f3 que el Chiller, es una unidad centralizada que regula la temperatura y humedad de las estancias a trav\u00e9s de los conductos y rejillas.<\/p>\n","protected":false},"excerpt":{"rendered":"<p>Alejandro \u00c1vila Veracruz, Ver.- La madrugada de este jueves, finalmente fue entregado el Chiller, el equipo enfriador que se estima podr\u00e1 ayudar a alcanzar la temperatura \u00f3ptima para toda actividad en quir\u00f3fanos del Hospital Regional del ISSSTE en Veracruz puerto. El director general del ISSSTE, Luis Antonio Ram\u00edrez Pineda, se\u00f1al\u00f3 que el costo estimado de [&hellip;]<\/p>\n","protected":false},"author":1,"featured_media":17148,"comment_status":"open","ping_status":"open","sticky":false,"template":"","format":"standard","meta":{"_jetpack_memberships_contains_paid_content":false,"footnotes":""},"categories":[9],"tags":[],"class_list":["post-17147","post","type-post","status-publish","format-standard","has-post-thumbnail","hentry","category-salud"],"jetpack_featured_media_url":"https:\/\/encuentroinformativo.com.mx\/wp-content\/uploads\/2021\/08\/DA6E8186-2610-42D3-A1E7-A06357F5AC5B.jpeg","jetpack_sharing_enabled":true,"jetpack_likes_enabled":true,"amp_enabled":true,"_links":{"self":[{"href":"https:\/\/encuentroinformativo.com.mx\/index.php?rest_route=\/wp\/v2\/posts\/17147","targetHints":{"allow":["GET"]}}],"collection":[{"href":"https:\/\/encuentroinformativo.com.mx\/index.php?rest_route=\/wp\/v2\/posts"}],"about":[{"href":"https:\/\/encuentroinformativo.com.mx\/index.php?rest_route=\/wp\/v2\/types\/post"}],"author":[{"embeddable":true,"href":"https:\/\/encuentroinformativo.com.mx\/index.php?rest_route=\/wp\/v2\/users\/1"}],"replies":[{"embeddable":true,"href":"https:\/\/encuentroinformativo.com.mx\/index.php?rest_route=%2Fwp%2Fv2%2Fcomments&post=17147"}],"version-history":[{"count":1,"href":"https:\/\/encuentroinformativo.com.mx\/index.php?rest_route=\/wp\/v2\/posts\/17147\/revisions"}],"predecessor-version":[{"id":17149,"href":"https:\/\/encuentroinformativo.com.mx\/index.php?rest_route=\/wp\/v2\/posts\/17147\/revisions\/17149"}],"wp:featuredmedia":[{"embeddable":true,"href":"https:\/\/encuentroinformativo.com.mx\/index.php?rest_route=\/wp\/v2\/media\/17148"}],"wp:attachment":[{"href":"https:\/\/encuentroinformativo.com.mx\/index.php?rest_route=%2Fwp%2Fv2%2Fmedia&parent=17147"}],"wp:term":[{"taxonomy":"category","embeddable":true,"href":"https:\/\/encuentroinformativo.com.mx\/index.php?rest_route=%2Fwp%2Fv2%2Fcategories&post=17147"},{"taxonomy":"post_tag","embeddable":true,"href":"https:\/\/encuentroinformativo.com.mx\/index.php?rest_route=%2Fwp%2Fv2%2Ftags&post=17147"}],"curies":[{"name":"wp","href":"https:\/\/api.w.org\/{rel}","templated":true}]}}