{"id":17153,"date":"2021-08-05T19:02:36","date_gmt":"2021-08-06T00:02:36","guid":{"rendered":"https:\/\/encuentroinformativo.com.mx\/?p=17153"},"modified":"2021-08-05T19:02:40","modified_gmt":"2021-08-06T00:02:40","slug":"se-reincorporo-diana-santiago-a-delegacion-de-la-sev","status":"publish","type":"post","link":"https:\/\/encuentroinformativo.com.mx\/?p=17153","title":{"rendered":"Se reincorpor\u00f3 Diana Santiago a delegaci\u00f3n de la SEV"},"content":{"rendered":"\n<p><strong>Alejandro \u00c1vila<\/strong><\/p>\n\n\n\n<p>Veracruz, Ver.- Diana Santiago Huesca fue reincorporada como delegada de la Secretar\u00eda de Educaci\u00f3n de Veracruz, este mi\u00e9rcoles por la tarde y su primer evento lo realiz\u00f3 este jueves en el municipio de Cotaxtla, donde acompa\u00f1\u00f3 al secretario, Zenyazen Escobar Garc\u00eda a un recorrido.<\/p>\n\n\n\n<p>Cabe recordar que Diana Santiago Huesca hab\u00eda dado un paso al costado de su encargo de la SEV el 1 de marzo, pues se registr\u00f3 d\u00edas despu\u00e9s, el 26 de abril, como aspirante a la diputaci\u00f3n local por el distrito XV, objetivo que no logr\u00f3 concretar el pasado 6 de junio.<\/p>\n\n\n\n<p>En entrevista, Diana Santiago Huesca, reconoci\u00f3 que hubo decenas de ni\u00f1os que no pudieron lograr la educaci\u00f3n a distancia, por lo que la prioridad ser\u00e1 regularizar a estos estudiantes que tuvieron problemas de conectividad el ciclo anterior.<\/p>\n\n\n\n<p>&#8220;Que nuestros ni\u00f1os empiecen a recuperar todo esto que se padeci\u00f3 en la pandemia, y pues que poco a poco volvamos a agarrar el ritmo adecuado, y que poco a poco podamos regularizar a todos aquellos alumnos que desafortunadamente no hubo manera de poderlos contactar, que tuvieron problemas de poder seguir desarrollando su educaci\u00f3n a distancia, como tuvimos este ciclo escolar. Entonces, pues retomar fuertemente, es la indicaci\u00f3n que tenemos&#8221;, resalt\u00f3 la delegada.&nbsp;<\/p>\n\n\n\n<p>La delegaci\u00f3n que le corresponde a Diana Santiago Huesca, consta de 25 municipios, por lo que apunt\u00f3 que para este regreso a clases el pr\u00f3ximo 30 de agosto, trabaja a marchas forzadas con docentes y padres de familia para adaptar las escuelas y el plan de trabajo en la nueva normalidad.<\/p>\n","protected":false},"excerpt":{"rendered":"<p>Alejandro \u00c1vila Veracruz, Ver.- Diana Santiago Huesca fue reincorporada como delegada de la Secretar\u00eda de Educaci\u00f3n de Veracruz, este mi\u00e9rcoles por la tarde y su primer evento lo realiz\u00f3 este jueves en el municipio de Cotaxtla, donde acompa\u00f1\u00f3 al secretario, Zenyazen Escobar Garc\u00eda a un recorrido. Cabe recordar que Diana Santiago Huesca hab\u00eda dado un [&hellip;]<\/p>\n","protected":false},"author":1,"featured_media":17154,"comment_status":"open","ping_status":"open","sticky":false,"template":"","format":"standard","meta":{"_jetpack_memberships_contains_paid_content":false,"footnotes":""},"categories":[2],"tags":[],"class_list":["post-17153","post","type-post","status-publish","format-standard","has-post-thumbnail","hentry","category-estado"],"jetpack_featured_media_url":"https:\/\/encuentroinformativo.com.mx\/wp-content\/uploads\/2021\/08\/B6D1641D-F98F-4251-8B1E-0A31EFC5CD47.jpeg","jetpack_sharing_enabled":true,"jetpack_likes_enabled":true,"amp_enabled":true,"_links":{"self":[{"href":"https:\/\/encuentroinformativo.com.mx\/index.php?rest_route=\/wp\/v2\/posts\/17153","targetHints":{"allow":["GET"]}}],"collection":[{"href":"https:\/\/encuentroinformativo.com.mx\/index.php?rest_route=\/wp\/v2\/posts"}],"about":[{"href":"https:\/\/encuentroinformativo.com.mx\/index.php?rest_route=\/wp\/v2\/types\/post"}],"author":[{"embeddable":true,"href":"https:\/\/encuentroinformativo.com.mx\/index.php?rest_route=\/wp\/v2\/users\/1"}],"replies":[{"embeddable":true,"href":"https:\/\/encuentroinformativo.com.mx\/index.php?rest_route=%2Fwp%2Fv2%2Fcomments&post=17153"}],"version-history":[{"count":1,"href":"https:\/\/encuentroinformativo.com.mx\/index.php?rest_route=\/wp\/v2\/posts\/17153\/revisions"}],"predecessor-version":[{"id":17155,"href":"https:\/\/encuentroinformativo.com.mx\/index.php?rest_route=\/wp\/v2\/posts\/17153\/revisions\/17155"}],"wp:featuredmedia":[{"embeddable":true,"href":"https:\/\/encuentroinformativo.com.mx\/index.php?rest_route=\/wp\/v2\/media\/17154"}],"wp:attachment":[{"href":"https:\/\/encuentroinformativo.com.mx\/index.php?rest_route=%2Fwp%2Fv2%2Fmedia&parent=17153"}],"wp:term":[{"taxonomy":"category","embeddable":true,"href":"https:\/\/encuentroinformativo.com.mx\/index.php?rest_route=%2Fwp%2Fv2%2Fcategories&post=17153"},{"taxonomy":"post_tag","embeddable":true,"href":"https:\/\/encuentroinformativo.com.mx\/index.php?rest_route=%2Fwp%2Fv2%2Ftags&post=17153"}],"curies":[{"name":"wp","href":"https:\/\/api.w.org\/{rel}","templated":true}]}}