{"id":17158,"date":"2021-08-06T09:24:28","date_gmt":"2021-08-06T14:24:28","guid":{"rendered":"https:\/\/encuentroinformativo.com.mx\/?p=17158"},"modified":"2021-08-06T09:24:59","modified_gmt":"2021-08-06T14:24:59","slug":"payasos-caron-y-el-gallo","status":"publish","type":"post","link":"https:\/\/encuentroinformativo.com.mx\/?p=17158","title":{"rendered":"Payasos, Car\u00f3n y El Gallo"},"content":{"rendered":"\n<p><strong>Los Pol\u00edticos<\/strong>\u00a0<\/p>\n\n\n\n<p><strong>Salvador Mu\u00f1oz<\/strong><\/p>\n\n\n\n<p>Mi sobrino Emmanuel durante un tiempo, tom\u00f3 el maquillaje y le daba a su rostro otro matiz que combinaba con su atuendo\u2026 no, no era travest\u00ed. Fue Payaso. La verdad, lo envidi\u00e9. Al final, ser Payaso es un arte y por ende, se es artista.<\/p>\n\n\n\n<p>Benjam\u00edn es otro amigo que llevaba momentos de alegr\u00eda a ni\u00f1os\u2026 no s\u00e9 si a\u00fan lo haga, pero hace m\u00e1s de 30 a\u00f1os que lo conoc\u00ed. No me crean pero vagamente recuerdo su nombre y podr\u00eda errar si digo Zucarita.&nbsp;<\/p>\n\n\n\n<p>Hablan de que el Gober actuaba como payaso en algunos eventos de Andr\u00e9s Manuel L\u00f3pez Obrador, teniendo como nombre de batalla el Cu\u00edcaras.<\/p>\n\n\n\n<p>Mi sobrino es abogado; Benjam\u00edn, psic\u00f3logo; Cuic, gobernador.<\/p>\n\n\n\n<p>El oficio es tremendo\u2026 sacar una sonrisa a la gente, es complicado. Divertir a los ni\u00f1os, insisto, un arte.<\/p>\n\n\n\n<p>El a\u00f1o y medio de pandemia complic\u00f3 la vida para todos, incluidos quienes son Payasos. Pocas fiestas, pocos shows, pocos eventos\u2026 los m\u00e1s valientes se aventuraron a los parques y a los autobuses pero igual fue dif\u00edcil\u2026<\/p>\n\n\n\n<p>Pistache y Media Vuelta, dos payasos que se apersonaron en el centro de Xalapa, para pedir apoyo a Gobierno del Estado para poder acudir a una Convenci\u00f3n en Guatemala, expusieron las condiciones de este gremio que parece a veces que \u201cse los est\u00e1 cargando el Payaso\u201d.<\/p>\n\n\n\n<p>Son diez los payasos que buscan viajar a este pa\u00eds en aras de mantenerse vigentes y sobre todo, buscar nuevos escenarios ante esta pandemia que parece no quiere terminar.<\/p>\n\n\n\n<p>No s\u00e9 si el Gobierno del Estado haya acudido al llamado de los payasos, pero quien s\u00ed lo hizo fue el diputado Juan Javier G\u00f3mez Cazar\u00edn, quien pidi\u00f3 a sus asistentes localizar a Pistache o Media Vuelta para ver el modo de que vayan a Guatemala.<\/p>\n\n\n\n<p>Si logr\u00f3 ubicarlos, estoy seguro que en esta ocasi\u00f3n, la sonrisa de las sac\u00f3 El Car\u00f3n a los payasos&#8230;<\/p>\n\n\n\n<p>II<\/p>\n\n\n\n<p>Un espectacular con la figura del Gallo Bolo montado a caballo, reza lo siguiente: \u201cEl Pueblo de Veracruz se une en oraci\u00f3n por la pronta recuperaci\u00f3n de Ernesto Cuevas Hern\u00e1ndez\u201d. En sus redes sociales, Cruz, el hermano del Gallo Bolo, agradece: \u201cNos sentimos bendecidos por el apoyo de todo@s ustedes, Pueblo de Veracruz, Dios los bendiga, siempre. Gracias a todos ustedes de coraz\u00f3n por sus oraciones\u201d.<\/p>\n\n\n\n<p>Poco a poco, dicen sus amigos, el Gallo avanza\u2026 es seguro que tenga secuelas por las circunstancias en que sufre el atentado. \u00a1Vamos! El sentido del o\u00eddo, de la vista, hasta del olfato son los m\u00e1s viables a ser afectados aunque quienes conocen al Gallo de Bolo, hombre que no se raja ante la adversidad y si hay secuelas, siempre buscar\u00e1 la manera de ver c\u00f3mo hacerle para no doblarse.<\/p>\n\n\n\n<p>El Gallo Bolo libra la batalla m\u00e1s grande a la que se haya enfrentado, pero responde, del mismo modo que basta un apret\u00f3n de su mano para saber que sigue en la lucha\u2026<\/p>\n\n\n\n<p><a href=\"mailto:smcainito@gmail.com\" target=\"_blank\" rel=\"noreferrer noopener\">smcainito@gmail.com<\/a><\/p>\n","protected":false},"excerpt":{"rendered":"<p>Los Pol\u00edticos\u00a0 Salvador Mu\u00f1oz Mi sobrino Emmanuel durante un tiempo, tom\u00f3 el maquillaje y le daba a su rostro otro matiz que combinaba con su atuendo\u2026 no, no era travest\u00ed. Fue Payaso. La verdad, lo envidi\u00e9. Al final, ser Payaso es un arte y por ende, se es artista. Benjam\u00edn es otro amigo que llevaba [&hellip;]<\/p>\n","protected":false},"author":1,"featured_media":387,"comment_status":"open","ping_status":"open","sticky":false,"template":"","format":"standard","meta":{"_jetpack_memberships_contains_paid_content":false,"footnotes":""},"categories":[11],"tags":[],"class_list":["post-17158","post","type-post","status-publish","format-standard","has-post-thumbnail","hentry","category-opinion"],"jetpack_featured_media_url":"https:\/\/encuentroinformativo.com.mx\/wp-content\/uploads\/2020\/03\/7CF8A22B-2764-47BE-8F7F-38FE9E5D6A2F.jpeg","jetpack_sharing_enabled":true,"jetpack_likes_enabled":true,"amp_enabled":true,"_links":{"self":[{"href":"https:\/\/encuentroinformativo.com.mx\/index.php?rest_route=\/wp\/v2\/posts\/17158","targetHints":{"allow":["GET"]}}],"collection":[{"href":"https:\/\/encuentroinformativo.com.mx\/index.php?rest_route=\/wp\/v2\/posts"}],"about":[{"href":"https:\/\/encuentroinformativo.com.mx\/index.php?rest_route=\/wp\/v2\/types\/post"}],"author":[{"embeddable":true,"href":"https:\/\/encuentroinformativo.com.mx\/index.php?rest_route=\/wp\/v2\/users\/1"}],"replies":[{"embeddable":true,"href":"https:\/\/encuentroinformativo.com.mx\/index.php?rest_route=%2Fwp%2Fv2%2Fcomments&post=17158"}],"version-history":[{"count":1,"href":"https:\/\/encuentroinformativo.com.mx\/index.php?rest_route=\/wp\/v2\/posts\/17158\/revisions"}],"predecessor-version":[{"id":17159,"href":"https:\/\/encuentroinformativo.com.mx\/index.php?rest_route=\/wp\/v2\/posts\/17158\/revisions\/17159"}],"wp:featuredmedia":[{"embeddable":true,"href":"https:\/\/encuentroinformativo.com.mx\/index.php?rest_route=\/wp\/v2\/media\/387"}],"wp:attachment":[{"href":"https:\/\/encuentroinformativo.com.mx\/index.php?rest_route=%2Fwp%2Fv2%2Fmedia&parent=17158"}],"wp:term":[{"taxonomy":"category","embeddable":true,"href":"https:\/\/encuentroinformativo.com.mx\/index.php?rest_route=%2Fwp%2Fv2%2Fcategories&post=17158"},{"taxonomy":"post_tag","embeddable":true,"href":"https:\/\/encuentroinformativo.com.mx\/index.php?rest_route=%2Fwp%2Fv2%2Ftags&post=17158"}],"curies":[{"name":"wp","href":"https:\/\/api.w.org\/{rel}","templated":true}]}}