{"id":1716,"date":"2020-04-09T13:01:52","date_gmt":"2020-04-09T18:01:52","guid":{"rendered":"https:\/\/encuentroinformativo.com\/?p=1716"},"modified":"2020-04-09T13:01:55","modified_gmt":"2020-04-09T18:01:55","slug":"chinguemos-a-hipolito","status":"publish","type":"post","link":"https:\/\/encuentroinformativo.com.mx\/?p=1716","title":{"rendered":"\u00a1Chinguemos a Hip\u00f3lito!"},"content":{"rendered":"\n<p><strong>Los Pol\u00edticos<\/strong><\/p>\n\n\n\n<p><strong>Salvador Mu\u00f1oz<\/strong><br><\/p>\n\n\n\n<p>Es seguro que haya escuchado la determinaci\u00f3n del alcalde de Xalapa, Hip\u00f3lito Rodr\u00edguez Herrero, que ante la amenaza del Coronavirus, se ampl\u00ede el espacio de los cementerios locales\u2026 parece un chiste cruel, como el del delegado del gobierno federal en Baja California, Jes\u00fas Alejandro Ruiz Uribe, quien al hablar del fortalecimiento de la familia una vez pasada la pandemia, se lanz\u00f3 la broma diciendo que esto se dar\u00e1 pero en \u201clas familias que sobrevivan\u201d&#8230; esto s\u00ed fue un chiste cruel\u2026 lo de Hip\u00f3lito va en serio.<\/p>\n\n\n\n<p>Hay quienes ven esta medida, la de ampliar los cementerios, como contradictoria a los planes de prevenci\u00f3n y salud contra el coronavirus; quiz\u00e1s la reacci\u00f3n es porque a todas luces, la medida del Ayuntamiento est\u00e1 lejos de ser optimista\u2026 pr\u00e1ctica, s\u00ed; optimista, no.<\/p>\n\n\n\n<p>Cualquier ateniense bien parido en Xalapa y si no, bien acogido por la Capital (somos muchos los adoptados), desea que los proyectos con bienestar com\u00fan de nuestra autoridad municipal, progresen a favor de todos quienes la habitamos, pero en esta ocasi\u00f3n, creo que todos sin excepci\u00f3n, esperamos que le vaya mal con su propuesta\u2026 que fracase\u2026 que trabaje en vano\u2026 en pocas palabras: \u00a1que la boca se le haga chicharr\u00f3n!<\/p>\n\n\n\n<p>Se habla de que en dos semanas aproximadamente entrar\u00edamos a la Fase 3, que en buen cristiano significa m\u00e1xima transmisi\u00f3n, m\u00e1ximo casos por d\u00eda que podr\u00edan colapsar no s\u00f3lo a miles de ciudadanos, sino al Sistema de Salud mexicano.<\/p>\n\n\n\n<p>Por eso es la Fase 2, la de contenci\u00f3n de espacios y de movimiento, reducido al #QuedateEnCasa lo que a muchos, por un lado les es imposible porque tienen que trabajar y la disyuntiva la tienen clara: me muero de Coronavirus, pero no de hambre; pero por el otro lado, est\u00e1 la gente que literalmente le vale madres la epidemia, y el claro ejemplo de ello, fue el ba\u00f1ista que lleg\u00f3 a las playas de Veracruz y al ser entrevistado, dice que el Coronavirus es un invento del gobierno y \u00e9l s\u00f3lo cree en Dios\u2026 esta persona representa a diversas formas de irresponsabilidad, no s\u00f3lo para con \u00e9l, para con su familia, para con su sociedad\u2026 para con su pa\u00eds, porque mientras \u00e9l puede \u201cdarse el lujo\u201d de disfrutar las playas, una alcaldesa cuenta lo que fue recibir una llamada telef\u00f3nica:<\/p>\n\n\n\n<p>\u201cEn d\u00edas pasados, en un video, di mi n\u00famero de tel\u00e9fono que desde entonces no ha parado de sonar para dudas, sugerencias y contacto directo conmigo. Esto apenas est\u00e1 empezando y ya mucha gente est\u00e1 sufriendo. Acabo de recibir una llamada que me hizo llorar ante la impotencia de un padre de familia que se qued\u00f3 sin trabajo y sus hijos le piden de comer. Nosotros estamos preparando ya el apoyo que no ser\u00e1 suficiente para mitigar todas las necesidades que van a surgir pero s\u00ed ser\u00e1 de gran ayuda a las personas vulnerables que realmente lo necesitan.&nbsp;<\/p>\n\n\n\n<p>Por favor, los que puedan, qu\u00e9dense en su casa; y si salen a trabajar, h\u00e1ganlo con todas las medidas&#8230; entre menos contagios haya, m\u00e1s r\u00e1pido terminar\u00e1 esta pesadilla. El ayuntamiento desde hace tres semanas est\u00e1 informando, difundiendo y prepar\u00e1ndose para la tercera fase, poder contener en lo que se pueda esta debacle. Pido a la ciudadan\u00eda se solidarice y responsabilice para salir adelante juntos\u201d: Viridiana Bret\u00f3n Feito, desde Ixhuatl\u00e1n del Caf\u00e9.<\/p>\n\n\n\n<p>Por cierto, con respecto a las playas porte\u00f1as, el ayuntamiento de Chiquifer, auxiliado con personal de Tr\u00e1nsito y Protecci\u00f3n Civil municipal, bloque\u00f3 las entradas a los balnearios p\u00fablicos.<\/p>\n\n\n\n<p>Otro \u201cpor cierto\u201d\u2026 a quien le agarr\u00f3 la Emergencia Sanitaria de Puerto a Puerto, fue a Alberto \u201cEl Cisne\u201d Silva Ramos\u2026 se qued\u00f3 en Veracruz con su familia con las ganas de irse a Tuxpan, donde el alcalde Juan Antonio Aguilar Mancha cerr\u00f3 casi-casi la ciudad, por el #coronav\u00edrus, aunque all\u00e1 dicen que m\u00e1s bien era por el Cisne-Virus y es que las apuestas electorales al 21 ponen 2 a 1 a Beto por encima de Pepe Mancha; 3 a 1 sobre Javier S\u00e1nchez Balderas, de Morena; \u00bfTavo Greer? Pocos son los aventurados que lo ven como competencia\u2026 pero, al tiempo\u2026 estamos en cuarentena electoral tambi\u00e9n y debemos enfocarnos a que la Fase 3 no sea tan severa y as\u00ed, el proyecto de un alcalde fracase.<\/p>\n\n\n\n<p>Luego entonces, tenemos menos de 14 d\u00edas para aguarle al presidente municipal de Xalapa su ampliaci\u00f3n de cementerios, porque si triunfa Hip\u00f3lito con su prevenci\u00f3n, la culpa no ser\u00e1 de \u00e9l, del Coronavirus, del Gobierno, de Ramos Alor\u2026 sino de ese irresponsable que se siente \u201cel protegido\u201d o blande la idea de que \u201cde cualquier modo nos vamos a morir\u2026\u201d; \u00a1chinguemos a Hip\u00f3lito! \u00a1Cuid\u00e9monos!<br><\/p>\n\n\n\n<p><a href=\"mailto:smcainito@gmail.com\" target=\"_blank\" rel=\"noreferrer noopener\">smcainito@gmail.com<\/a><\/p>\n\n\n\n<p><\/p>\n","protected":false},"excerpt":{"rendered":"<p>Los Pol\u00edticos Salvador Mu\u00f1oz Es seguro que haya escuchado la determinaci\u00f3n del alcalde de Xalapa, Hip\u00f3lito Rodr\u00edguez Herrero, que ante la amenaza del Coronavirus, se ampl\u00ede el espacio de los cementerios locales\u2026 parece un chiste cruel, como el del delegado del gobierno federal en Baja California, Jes\u00fas Alejandro Ruiz Uribe, quien al hablar del fortalecimiento [&hellip;]<\/p>\n","protected":false},"author":1,"featured_media":387,"comment_status":"open","ping_status":"open","sticky":false,"template":"","format":"standard","meta":{"_jetpack_memberships_contains_paid_content":false,"footnotes":""},"categories":[11],"tags":[],"class_list":["post-1716","post","type-post","status-publish","format-standard","has-post-thumbnail","hentry","category-opinion"],"jetpack_featured_media_url":"https:\/\/encuentroinformativo.com.mx\/wp-content\/uploads\/2020\/03\/7CF8A22B-2764-47BE-8F7F-38FE9E5D6A2F.jpeg","jetpack_sharing_enabled":true,"jetpack_likes_enabled":true,"amp_enabled":true,"_links":{"self":[{"href":"https:\/\/encuentroinformativo.com.mx\/index.php?rest_route=\/wp\/v2\/posts\/1716","targetHints":{"allow":["GET"]}}],"collection":[{"href":"https:\/\/encuentroinformativo.com.mx\/index.php?rest_route=\/wp\/v2\/posts"}],"about":[{"href":"https:\/\/encuentroinformativo.com.mx\/index.php?rest_route=\/wp\/v2\/types\/post"}],"author":[{"embeddable":true,"href":"https:\/\/encuentroinformativo.com.mx\/index.php?rest_route=\/wp\/v2\/users\/1"}],"replies":[{"embeddable":true,"href":"https:\/\/encuentroinformativo.com.mx\/index.php?rest_route=%2Fwp%2Fv2%2Fcomments&post=1716"}],"version-history":[{"count":1,"href":"https:\/\/encuentroinformativo.com.mx\/index.php?rest_route=\/wp\/v2\/posts\/1716\/revisions"}],"predecessor-version":[{"id":1717,"href":"https:\/\/encuentroinformativo.com.mx\/index.php?rest_route=\/wp\/v2\/posts\/1716\/revisions\/1717"}],"wp:featuredmedia":[{"embeddable":true,"href":"https:\/\/encuentroinformativo.com.mx\/index.php?rest_route=\/wp\/v2\/media\/387"}],"wp:attachment":[{"href":"https:\/\/encuentroinformativo.com.mx\/index.php?rest_route=%2Fwp%2Fv2%2Fmedia&parent=1716"}],"wp:term":[{"taxonomy":"category","embeddable":true,"href":"https:\/\/encuentroinformativo.com.mx\/index.php?rest_route=%2Fwp%2Fv2%2Fcategories&post=1716"},{"taxonomy":"post_tag","embeddable":true,"href":"https:\/\/encuentroinformativo.com.mx\/index.php?rest_route=%2Fwp%2Fv2%2Ftags&post=1716"}],"curies":[{"name":"wp","href":"https:\/\/api.w.org\/{rel}","templated":true}]}}