{"id":17160,"date":"2021-08-06T09:30:30","date_gmt":"2021-08-06T14:30:30","guid":{"rendered":"https:\/\/encuentroinformativo.com.mx\/?p=17160"},"modified":"2021-08-06T09:30:34","modified_gmt":"2021-08-06T14:30:34","slug":"sergio-la-foto-el-covid-y-la-jucopo","status":"publish","type":"post","link":"https:\/\/encuentroinformativo.com.mx\/?p=17160","title":{"rendered":"SERGIO, LA FOTO, EL COVID Y LA JUCOPO"},"content":{"rendered":"\n<p><strong>ColumnaSinNombre<br>@pablojair<\/strong><\/p>\n\n\n\n<ul class=\"wp-block-list\"><li>\u00bfYa no hay vigilancia en el primer cuadro de la ciudad?<\/li><li>Habr\u00e1 clases presenciales incluso con sem\u00e1foro rojo.<\/li><li>Elecci\u00f3n municipal de Veracruz, a\u00fan sin definirse: Rosamary.<\/li><\/ul>\n\n\n\n<p>Lo de Messi opac\u00f3 completamente a los Juegos Ol\u00edmpicos\u2026<br>\u2014Chopenjawer<\/p>\n\n\n\n<p>Alguien que quiso adelantarse y mostrar un acercamiento fingido con la c\u00fapula de Morena en Veracruz, fue el diputado local electo de Coatzacoalcos Rural, Sergio Guzm\u00e1n Ric\u00e1rdez, hoy internado en hospital por complicaciones del Covid.<\/p>\n\n\n\n<p>\u00c9l y su equipo de colaboradores estuvieron moviendo una foto de hace algunos d\u00edas donde tuvo una reuni\u00f3n con el gobernador Cuitl\u00e1huac Garc\u00eda Jim\u00e9nez.<\/p>\n\n\n\n<p>La imagen fue tomada el 15 de julio, pero la movieron apenas el pasado d\u00eda 29.<\/p>\n\n\n\n<p>Aunque se desconoce por qu\u00e9 subi\u00f3 la imagen el diputado a sus redes sociales despu\u00e9s de casi 15 d\u00edas, analistas lo interpretan como una forma de &#8220;ense\u00f1ar el m\u00fasculo&#8221; en el contexto de la lucha por presidir la Junta de Coordinaci\u00f3n Pol\u00edtica (Jucopo), cargo que \u2014por cierto\u2014 no tiene asegurado el de Agua Dulce.<\/p>\n\n\n\n<p>La idea, seg\u00fan sus colaboradores, era &#8220;mandar&#8221; la se\u00f1al de que est\u00e1 en el \u00e1nimo del titular del Poder Ejecutivo.<\/p>\n\n\n\n<p>En Palacio de Gobierno, de manera segura y contundente, negaron que se hubiese registrado tal reuni\u00f3n la semana pasada como se manej\u00f3; e incluso hubo hasta cierto escozor por la ocurrencia del legislador al publicitar una foto \u201cvieja\u201d.<\/p>\n\n\n\n<p>Se mostraron tan extra\u00f1ados con la versi\u00f3n, pues Sergio no tendr\u00eda por qu\u00e9 decirse en el \u00e1nimo del mandatario estatal siendo que son parte del mismo proyecto de la Cuarta Transformaci\u00f3n.<\/p>\n\n\n\n<p>Esto tampoco le dar\u00eda la pauta al legislador local para reclamar o plantar bandera de una posici\u00f3n de tal importancia en el Congreso del Estado, cuando apenas ha logrado posicionarse en el Poder Legislativo llegando de gobernar un municipio muy peque\u00f1o y sin tener experiencia legislativa o de operaci\u00f3n pol\u00edtica a gran escala.<\/p>\n\n\n\n<p>Esto recuerda a cu\u00e1ndo algunos personajes buscaron tratar de hacerse notar para entrar al gabinete estatal en el \u00e1rea de Tr\u00e1nsito, haciendo reuniones con paleros transportistas en caf\u00e9s de Xalapa y dando declaraciones bobas a la prensa. Nadie de esa flota finalmente qued\u00f3, pues el que decide en Palacio fue quien palome\u00f3 a sus integrantes de gabinete y no qued\u00f3 ninguno que se anduvo haciendo publicidad.<\/p>\n\n\n\n<p>As\u00ed en el Congreso: ser\u00e1n los legisladores quienes decidan y todo apunta a que repetir\u00e1 nuevamente Juan Javier G\u00f3mez Cazar\u00edn.<\/p>\n\n\n\n<p>Sergio quiz\u00e1s no entiende que no se trata de correr cuando apenas est\u00e1 comenzando a caminar en las ligas mayores de Veracruz, y en ese sentido todav\u00eda no puede ponerse al nivel de G\u00f3mez Cazar\u00edn, quien fue operador de varios distritos y municipios donde Morena sali\u00f3 triunfante en las pasadas elecciones.<\/p>\n\n\n\n<p>Pero parece ser que las ambiciones de Sergio Guzm\u00e1n le salieron contraproducentes, y justo cuando ya andaba corriendo y no caminando con cautela, que le pega el Covid.<\/p>\n\n\n\n<p>El karma inesperado. Se espera su pronta recuperaci\u00f3n al 100.<\/p>\n\n\n\n<p>No obstante, pareciera que en el sur de Veracruz tienen mucho inter\u00e9s en plantar bandera en Xalapa. Alguien del Istmo parece que le urge crear divisionismo nom\u00e1s por inter\u00e9s del nefasto poder porque ya andan so\u00f1ando con ser los nuevos due\u00f1os del Palacio de Gobierno.<\/p>\n\n\n\n<p><strong>NOTA PARA PEGAR EN EL REFRI: <\/strong>Es inconcebible que en pleno centro de la ciudad, a una cuadra del Palacio de Gobierno, cerca de oficinas importantes como la sede del OPLE, de la Arquidi\u00f3cesis de Xalapa o la Preparatoria Ju\u00e1rez, una tienda haya sido cristaleada y no se sepa qui\u00e9nes son los responsables. Lo mismo pasa en el Parque Ju\u00e1rez donde los comerciantes instalados se quejan de que les roban mercanc\u00eda o les abren las casetas; lugar donde tambi\u00e9n ya se robaron \u00a1un lavabo! que era usado para ayudar como medida sanitaria contra el Covid; o cuando se robaron la letra X del letrero monumental de Xalapa\u2026 \u00bfPues qu\u00e9 de plano ya tampoco hay vigilancia en el primer cuadro de la ciudad?\u2026 En una de esas se roban la gigantesca araucaria y capaz que ni van a saber c\u00f3mo.<\/p>\n\n\n\n<p><strong>OTRA NOTA: <\/strong>Que el gobierno federal modificar\u00e1 el sem\u00e1foro de riesgo epidemiol\u00f3gico para que las clases presenciales sean consideradas actividades esenciales. &#8220;Por ello, si los estados pasan a sem\u00e1foro rojo por aumentos de contagio por Covid-19, los cursos en aulas no podr\u00e1n ser suspendidos&#8221;, detalla el portal Forbes\u2026. Lo anterior se supo luego de la reuni\u00f3n virtual entre los gobernadores y algunos integrantes del Gabinete de la administraci\u00f3n federal, donde el subsecretario de Salud, Hugo L\u00f3pez-Gatell, adelant\u00f3 que la educaci\u00f3n ser\u00e1 una actividad esencial, por lo que no deber\u00e1 estar sujeta a restricciones\u2026 &#8220;Esto nos va a llevar a la necesidad de una enmienda al sem\u00e1foro. En la conversaci\u00f3n con la maestra Delfina (G\u00f3mez) y el equipo de la SEP identificamos que efectivamente requiere que liberemos la posibilidad legal de la SEP de poder llamar a las aulas cuando se tiene sem\u00e1foros superiores al amarillo (\u2026) Entonces esa connotaci\u00f3n va a tener, es una actividad esencial, de modo que no est\u00e1 sujeta a restricciones aun cuando tengamos el sem\u00e1foro rojo. Entonces ese va a ser la adici\u00f3n que vamos a hacer pr\u00f3ximamente&#8221;.<\/p>\n\n\n\n<p><strong>LA \u00daLTIMA PORQUE ES VIEEEERNEEEES:<\/strong> Lo informa el portal Versiones.com.mx: La diputada federal electa de Morena, Rosa Mar\u00eda Hern\u00e1ndez Espejo, destac\u00f3 que la elecci\u00f3n para la alcald\u00eda de Veracruz sigue a\u00fan sin definirse. En conferencia de prensa ofrecida este jueves, Hern\u00e1ndez Espejo mencion\u00f3 que a\u00fan el Tribunal Federal Electoral est\u00e1 analizando las pruebas que se presentaron donde una de ellas \u2013dijo- tiene que ver con gastos excesivos de campa\u00f1a. Como es sabido, el Organismo P\u00fablico Local Electoral (OPLE), dio como ganadora de esa la elecci\u00f3n municipal, en una primera instancia, a Patricia Lobeira de Yunes, quien fue abanderada de la coalici\u00f3n PRI-PAN-PRD y en segundo sitio qued\u00f3 Ricardo Exsome de MORENA. Hern\u00e1ndez Espejo subray\u00f3: \u201cNo est\u00e1 concluida la elecci\u00f3n del municipio de Veracruz. Est\u00e1 a revisi\u00f3n el caso, estamos esperando que se resuelva, y lo que nosotros esperamos de acuerdo al n\u00famero de anomal\u00edas que se dio el d\u00eda de la elecci\u00f3n, sobre todo por lo sucio que fue el c\u00f3mputo, que se resuelva a favor\u201d. Agreg\u00f3 que se espera que a partir del 1 de enero se nombre Consejo Municipal para que haya otra elecci\u00f3n.\u201cPara nosotros Ricardo Exsome es el ganador y seguramente ser\u00e1 nuestro pr\u00f3ximo presidente municipal\u201d, expuso. Enfatiz\u00f3 que hay muchos elementos para que haya una \u201csegunda vuelta\u201d, en la elecci\u00f3n de Presidente Municipal de Veracruz, adem\u00e1s de los gastos excesivos de campa\u00f1a, la intromisi\u00f3n del actual Ayuntamiento, conflicto de intereses y m\u00e1s.<\/p>\n","protected":false},"excerpt":{"rendered":"<p>ColumnaSinNombre@pablojair \u00bfYa no hay vigilancia en el primer cuadro de la ciudad? Habr\u00e1 clases presenciales incluso con sem\u00e1foro rojo. Elecci\u00f3n municipal de Veracruz, a\u00fan sin definirse: Rosamary. Lo de Messi opac\u00f3 completamente a los Juegos Ol\u00edmpicos\u2026\u2014Chopenjawer Alguien que quiso adelantarse y mostrar un acercamiento fingido con la c\u00fapula de Morena en Veracruz, fue el diputado [&hellip;]<\/p>\n","protected":false},"author":1,"featured_media":488,"comment_status":"open","ping_status":"open","sticky":false,"template":"","format":"standard","meta":{"_jetpack_memberships_contains_paid_content":false,"footnotes":""},"categories":[11],"tags":[],"class_list":["post-17160","post","type-post","status-publish","format-standard","has-post-thumbnail","hentry","category-opinion"],"jetpack_featured_media_url":"https:\/\/encuentroinformativo.com.mx\/wp-content\/uploads\/2020\/03\/F471F608-BA1A-416B-BA7B-BCFB24F4E6D0.jpeg","jetpack_sharing_enabled":true,"jetpack_likes_enabled":true,"amp_enabled":true,"_links":{"self":[{"href":"https:\/\/encuentroinformativo.com.mx\/index.php?rest_route=\/wp\/v2\/posts\/17160","targetHints":{"allow":["GET"]}}],"collection":[{"href":"https:\/\/encuentroinformativo.com.mx\/index.php?rest_route=\/wp\/v2\/posts"}],"about":[{"href":"https:\/\/encuentroinformativo.com.mx\/index.php?rest_route=\/wp\/v2\/types\/post"}],"author":[{"embeddable":true,"href":"https:\/\/encuentroinformativo.com.mx\/index.php?rest_route=\/wp\/v2\/users\/1"}],"replies":[{"embeddable":true,"href":"https:\/\/encuentroinformativo.com.mx\/index.php?rest_route=%2Fwp%2Fv2%2Fcomments&post=17160"}],"version-history":[{"count":1,"href":"https:\/\/encuentroinformativo.com.mx\/index.php?rest_route=\/wp\/v2\/posts\/17160\/revisions"}],"predecessor-version":[{"id":17161,"href":"https:\/\/encuentroinformativo.com.mx\/index.php?rest_route=\/wp\/v2\/posts\/17160\/revisions\/17161"}],"wp:featuredmedia":[{"embeddable":true,"href":"https:\/\/encuentroinformativo.com.mx\/index.php?rest_route=\/wp\/v2\/media\/488"}],"wp:attachment":[{"href":"https:\/\/encuentroinformativo.com.mx\/index.php?rest_route=%2Fwp%2Fv2%2Fmedia&parent=17160"}],"wp:term":[{"taxonomy":"category","embeddable":true,"href":"https:\/\/encuentroinformativo.com.mx\/index.php?rest_route=%2Fwp%2Fv2%2Fcategories&post=17160"},{"taxonomy":"post_tag","embeddable":true,"href":"https:\/\/encuentroinformativo.com.mx\/index.php?rest_route=%2Fwp%2Fv2%2Ftags&post=17160"}],"curies":[{"name":"wp","href":"https:\/\/api.w.org\/{rel}","templated":true}]}}