{"id":17162,"date":"2021-08-06T11:10:01","date_gmt":"2021-08-06T16:10:01","guid":{"rendered":"https:\/\/encuentroinformativo.com.mx\/?p=17162"},"modified":"2021-08-06T11:10:05","modified_gmt":"2021-08-06T16:10:05","slug":"con-protesta-reclaman-asignacion-de-plazas-en-la-sev","status":"publish","type":"post","link":"https:\/\/encuentroinformativo.com.mx\/?p=17162","title":{"rendered":"Con protesta, reclaman asignaci\u00f3n de plazas en la SEV"},"content":{"rendered":"\n<p><strong>Juan Arcos <\/strong><\/p>\n\n\n\n<p>Xalapa, Ver.- Un grupo de docentes protest\u00f3 afuera de las oficinas centrales de la Secretar\u00eda de Educaci\u00f3n de Veracruz (SEV) para exigir la asignaci\u00f3n de plazas en todos los niveles educativos.<\/p>\n\n\n\n<p>Se trata de profesores que egresaron como licenciados en preescolar, educaci\u00f3n b\u00e1sica y educaci\u00f3n especial, quienes no han podido laborar por la falta de espacios ofertados.<\/p>\n\n\n\n<p>Viajaron desde las distintas regiones del estado, como de Tierra Blanca, Tantoyuca, C\u00f3rdoba, Orizaba, Minatitl\u00e1n y otros municipios, para manifestarse en la dependencia estatal, ubicada sobre la carretera federal Xalapa-Veracruz.\u00a0<\/p>\n\n\n\n<p>De acuerdo con Larisa Carl\u00edn Dom\u00ednguez, una de los inconformes, las autoridades educativas han disminuido las vacantes correspondientes.\u00a0<\/p>\n\n\n\n<p>La entrevistada detall\u00f3 que en el nivel b\u00e1sico solo se ofertaron 900 espacios este a\u00f1o, cuando anteriormente hab\u00eda disponibles por lo menos mil 500.<\/p>\n\n\n\n<p>Adem\u00e1s, en educaci\u00f3n especial nada m\u00e1s hubo 12 vacantes para 167 maestras y maestros egresados que aprobaron el examen para acceder a una plaza docente en la entidad.<\/p>\n\n\n\n<p>\u201cVenimos a eso porque pasamos el examen, tenemos buen n\u00famero de ordenamiento pero no tenemos la oportunidad de que nos den una plaza y en este proceso, al terminar las fechas de los llamados, ya no nos van a llamar\u201d.<\/p>\n\n\n\n<p>Carl\u00edn Dom\u00ednguez indic\u00f3 que una comisi\u00f3n de profesores ingres\u00f3 a las instalaciones de la SEV para dialogar con las autoridades, en busca de una soluci\u00f3n a la problem\u00e1tica.Cabe recordar que han sido constantes las protestas por presuntas anomal\u00edas en el proceso para la asignaci\u00f3n de plazas docentes en el estado de Veracruz.<\/p>\n\n\n\n<figure class=\"wp-block-image size-large\"><img loading=\"lazy\" decoding=\"async\" width=\"1024\" height=\"768\" src=\"https:\/\/encuentroinformativo.com.mx\/wp-content\/uploads\/2021\/08\/BBA63170-35AE-4BE5-A5A0-19019D7DE242-1024x768.jpeg\" alt=\"\" class=\"wp-image-17164\" srcset=\"https:\/\/encuentroinformativo.com.mx\/wp-content\/uploads\/2021\/08\/BBA63170-35AE-4BE5-A5A0-19019D7DE242-1024x768.jpeg 1024w, https:\/\/encuentroinformativo.com.mx\/wp-content\/uploads\/2021\/08\/BBA63170-35AE-4BE5-A5A0-19019D7DE242-300x225.jpeg 300w, https:\/\/encuentroinformativo.com.mx\/wp-content\/uploads\/2021\/08\/BBA63170-35AE-4BE5-A5A0-19019D7DE242-768x576.jpeg 768w, https:\/\/encuentroinformativo.com.mx\/wp-content\/uploads\/2021\/08\/BBA63170-35AE-4BE5-A5A0-19019D7DE242.jpeg 1197w\" sizes=\"auto, (max-width: 1024px) 100vw, 1024px\" \/><\/figure>\n","protected":false},"excerpt":{"rendered":"<p>Juan Arcos Xalapa, Ver.- Un grupo de docentes protest\u00f3 afuera de las oficinas centrales de la Secretar\u00eda de Educaci\u00f3n de Veracruz (SEV) para exigir la asignaci\u00f3n de plazas en todos los niveles educativos. Se trata de profesores que egresaron como licenciados en preescolar, educaci\u00f3n b\u00e1sica y educaci\u00f3n especial, quienes no han podido laborar por la [&hellip;]<\/p>\n","protected":false},"author":1,"featured_media":17163,"comment_status":"open","ping_status":"open","sticky":false,"template":"","format":"standard","meta":{"_jetpack_memberships_contains_paid_content":false,"footnotes":""},"categories":[3],"tags":[],"class_list":["post-17162","post","type-post","status-publish","format-standard","has-post-thumbnail","hentry","category-xalapa"],"jetpack_featured_media_url":"https:\/\/encuentroinformativo.com.mx\/wp-content\/uploads\/2021\/08\/309A610A-3C4C-4D25-BCF3-91D100159622.jpeg","jetpack_sharing_enabled":true,"jetpack_likes_enabled":true,"amp_enabled":true,"_links":{"self":[{"href":"https:\/\/encuentroinformativo.com.mx\/index.php?rest_route=\/wp\/v2\/posts\/17162","targetHints":{"allow":["GET"]}}],"collection":[{"href":"https:\/\/encuentroinformativo.com.mx\/index.php?rest_route=\/wp\/v2\/posts"}],"about":[{"href":"https:\/\/encuentroinformativo.com.mx\/index.php?rest_route=\/wp\/v2\/types\/post"}],"author":[{"embeddable":true,"href":"https:\/\/encuentroinformativo.com.mx\/index.php?rest_route=\/wp\/v2\/users\/1"}],"replies":[{"embeddable":true,"href":"https:\/\/encuentroinformativo.com.mx\/index.php?rest_route=%2Fwp%2Fv2%2Fcomments&post=17162"}],"version-history":[{"count":1,"href":"https:\/\/encuentroinformativo.com.mx\/index.php?rest_route=\/wp\/v2\/posts\/17162\/revisions"}],"predecessor-version":[{"id":17165,"href":"https:\/\/encuentroinformativo.com.mx\/index.php?rest_route=\/wp\/v2\/posts\/17162\/revisions\/17165"}],"wp:featuredmedia":[{"embeddable":true,"href":"https:\/\/encuentroinformativo.com.mx\/index.php?rest_route=\/wp\/v2\/media\/17163"}],"wp:attachment":[{"href":"https:\/\/encuentroinformativo.com.mx\/index.php?rest_route=%2Fwp%2Fv2%2Fmedia&parent=17162"}],"wp:term":[{"taxonomy":"category","embeddable":true,"href":"https:\/\/encuentroinformativo.com.mx\/index.php?rest_route=%2Fwp%2Fv2%2Fcategories&post=17162"},{"taxonomy":"post_tag","embeddable":true,"href":"https:\/\/encuentroinformativo.com.mx\/index.php?rest_route=%2Fwp%2Fv2%2Ftags&post=17162"}],"curies":[{"name":"wp","href":"https:\/\/api.w.org\/{rel}","templated":true}]}}