{"id":17171,"date":"2021-08-06T13:55:01","date_gmt":"2021-08-06T18:55:01","guid":{"rendered":"https:\/\/encuentroinformativo.com.mx\/?p=17171"},"modified":"2021-08-06T13:55:05","modified_gmt":"2021-08-06T18:55:05","slug":"semaforo-epidemiologico-detiene-actividades-turisticas","status":"publish","type":"post","link":"https:\/\/encuentroinformativo.com.mx\/?p=17171","title":{"rendered":"Sem\u00e1foro epidemiol\u00f3gico detiene actividades tur\u00edsticas"},"content":{"rendered":"\n<p><strong>Dar\u00edo Pale <\/strong><\/p>\n\n\n\n<p>Xalapa, Ver.- La Secretaria de Turismo y Cultura del Estado, X\u00f3chitl Arbes\u00fa Lago dio a conocer que contin\u00faa pendiente la realizaci\u00f3n del <em>Salsa Fest <\/em>en Boca del R\u00edo, Veracruz, debido al color del sem\u00e1foro epidemiol\u00f3gico, a\u00f1adi\u00f3 que deben esperar que haya una apertura a los eventos masivos.<\/p>\n\n\n\n<p>En entrevista coment\u00f3 que, \u201cel gobernador est\u00e1 muy pendiente del sem\u00e1foro, si llega a haber una apertura antes de que acabe el a\u00f1o pues seguramente estaremos llevando a cabo el Salsa Fest\u201d.<\/p>\n\n\n\n<p>Se\u00f1al\u00f3 que podr\u00edan esperar que se lleve a cabo la realizaci\u00f3n de dicho evento para finales de este a\u00f1o, ya que este al igual que la Cumbre Taj\u00edn, son importantes para la reactivaci\u00f3n econ\u00f3mica del estado.<\/p>\n\n\n\n<p>Asimismo, manifest\u00f3 que est\u00e1n trabajando con varios ayuntamientos para realizar eventos al aire libre y festividades importantes para los veracruzanos y veracruzanas, como es el d\u00eda de la independencia, el d\u00eda de muertos y otros.<\/p>\n\n\n\n<p>Finalmente se\u00f1al\u00f3 que, \u201cya lo iremos presentando m\u00e1s adelante, tenemos avances en estos proyectos, adem\u00e1s de una continua promoci\u00f3n del estado para los fines de semana proyectando diferentes puntos del estado de Veracruz\u201d.<\/p>\n\n\n\n<p><\/p>\n","protected":false},"excerpt":{"rendered":"<p>Dar\u00edo Pale Xalapa, Ver.- La Secretaria de Turismo y Cultura del Estado, X\u00f3chitl Arbes\u00fa Lago dio a conocer que contin\u00faa pendiente la realizaci\u00f3n del Salsa Fest en Boca del R\u00edo, Veracruz, debido al color del sem\u00e1foro epidemiol\u00f3gico, a\u00f1adi\u00f3 que deben esperar que haya una apertura a los eventos masivos. En entrevista coment\u00f3 que, \u201cel gobernador [&hellip;]<\/p>\n","protected":false},"author":1,"featured_media":17172,"comment_status":"open","ping_status":"open","sticky":false,"template":"","format":"standard","meta":{"_jetpack_memberships_contains_paid_content":false,"footnotes":""},"categories":[2],"tags":[],"class_list":["post-17171","post","type-post","status-publish","format-standard","has-post-thumbnail","hentry","category-estado"],"jetpack_featured_media_url":"https:\/\/encuentroinformativo.com.mx\/wp-content\/uploads\/2021\/08\/020C5CA3-4C36-4492-AC5D-A02B64FADC8E.jpeg","jetpack_sharing_enabled":true,"jetpack_likes_enabled":true,"amp_enabled":true,"_links":{"self":[{"href":"https:\/\/encuentroinformativo.com.mx\/index.php?rest_route=\/wp\/v2\/posts\/17171","targetHints":{"allow":["GET"]}}],"collection":[{"href":"https:\/\/encuentroinformativo.com.mx\/index.php?rest_route=\/wp\/v2\/posts"}],"about":[{"href":"https:\/\/encuentroinformativo.com.mx\/index.php?rest_route=\/wp\/v2\/types\/post"}],"author":[{"embeddable":true,"href":"https:\/\/encuentroinformativo.com.mx\/index.php?rest_route=\/wp\/v2\/users\/1"}],"replies":[{"embeddable":true,"href":"https:\/\/encuentroinformativo.com.mx\/index.php?rest_route=%2Fwp%2Fv2%2Fcomments&post=17171"}],"version-history":[{"count":1,"href":"https:\/\/encuentroinformativo.com.mx\/index.php?rest_route=\/wp\/v2\/posts\/17171\/revisions"}],"predecessor-version":[{"id":17173,"href":"https:\/\/encuentroinformativo.com.mx\/index.php?rest_route=\/wp\/v2\/posts\/17171\/revisions\/17173"}],"wp:featuredmedia":[{"embeddable":true,"href":"https:\/\/encuentroinformativo.com.mx\/index.php?rest_route=\/wp\/v2\/media\/17172"}],"wp:attachment":[{"href":"https:\/\/encuentroinformativo.com.mx\/index.php?rest_route=%2Fwp%2Fv2%2Fmedia&parent=17171"}],"wp:term":[{"taxonomy":"category","embeddable":true,"href":"https:\/\/encuentroinformativo.com.mx\/index.php?rest_route=%2Fwp%2Fv2%2Fcategories&post=17171"},{"taxonomy":"post_tag","embeddable":true,"href":"https:\/\/encuentroinformativo.com.mx\/index.php?rest_route=%2Fwp%2Fv2%2Ftags&post=17171"}],"curies":[{"name":"wp","href":"https:\/\/api.w.org\/{rel}","templated":true}]}}