{"id":17177,"date":"2021-08-06T15:09:38","date_gmt":"2021-08-06T20:09:38","guid":{"rendered":"https:\/\/encuentroinformativo.com.mx\/?p=17177"},"modified":"2021-08-06T15:09:42","modified_gmt":"2021-08-06T20:09:42","slug":"a-pesar-de-contagio-obligan-a-laborar-a-trabajadores-del-ivea-acusan","status":"publish","type":"post","link":"https:\/\/encuentroinformativo.com.mx\/?p=17177","title":{"rendered":"A pesar de contagio; obligan a laborar a trabajadores del IVEA, acusan"},"content":{"rendered":"\n<p><strong>Juan Arcos<\/strong><\/p>\n\n\n\n<p>Xalapa, Ver.- Diversas coordinaciones del Instituto Veracruzano de Educaci\u00f3n para los Adultos (IVEA) registran contagios de SARS-COV-2 (COVID-19) en distintos puntos del territorio estatal.<\/p>\n\n\n\n<p>Mediante una denuncia an\u00f3nima, se dio a conocer que algunos empleados est\u00e1n siendo obligados a trabajar, pese a haber enfermado de coronavirus.<\/p>\n\n\n\n<p>En algunos casos, los trabajadores son sometidos a jornadas laborales excesivas, sin importar su estado de salud y la necesidad de una incapacidad.<\/p>\n\n\n\n<p>Incluso, se\u00f1alan a su jefa directa Mar\u00eda Fernanda Medina de obligarlos a laborar horas extra y emprender acciones represivas contra quienes se quejan de dicha situaci\u00f3n.<\/p>\n\n\n\n<p>Algunos empleados han sido castigados por ese motivo y padecido cambios de \u00e1rea, donde les descuentan la mitad de su salario.<\/p>\n\n\n\n<p>Los afectados hicieron llegar un audio a este medio de comunicaci\u00f3n, mismo que exhibe la crisis de salud que se registra en las coordinaciones de dicha instituci\u00f3n.<\/p>\n\n\n\n<p>En la grabaci\u00f3n, los representantes sindicales confirman rebrotes de COVID-19 entre el personal del IVEA y solicitan a los coordinadores que presenten un reporte sobre la crisis de salud en cada \u00e1rea laboral.<\/p>\n\n\n\n<p>Mencionan que en los siguientes fines de agosto iniciar\u00eda la sexta jornada del Instituto Veracruzano de Educaci\u00f3n para los Adultos y es necesario conocer la situaci\u00f3n que enfrenta el personal de todas las coordinaciones para definir los m\u00e9todos de trabajo.<\/p>\n\n\n\n<p>\u201cEsta jornada de agosto est\u00e1 en un escenario muy fuerte, in\u00e9dito, por la alta tasa de contagios, no solo a nivel de la poblaci\u00f3n, sino tambi\u00e9n, a nivel de nuestro personal. Ya tenemos informaci\u00f3n de algunas coordinaciones donde hay tres, cuatro o cinco personas que tienen contagios o sus familiares. Nosotros tambi\u00e9n aqu\u00ed en la unidad central tenemos contagios, entonces debemos extremar precauciones\u201d, se escucha en el audio.<\/p>\n","protected":false},"excerpt":{"rendered":"<p>Juan Arcos Xalapa, Ver.- Diversas coordinaciones del Instituto Veracruzano de Educaci\u00f3n para los Adultos (IVEA) registran contagios de SARS-COV-2 (COVID-19) en distintos puntos del territorio estatal. Mediante una denuncia an\u00f3nima, se dio a conocer que algunos empleados est\u00e1n siendo obligados a trabajar, pese a haber enfermado de coronavirus. En algunos casos, los trabajadores son sometidos [&hellip;]<\/p>\n","protected":false},"author":1,"featured_media":17178,"comment_status":"open","ping_status":"open","sticky":false,"template":"","format":"standard","meta":{"_jetpack_memberships_contains_paid_content":false,"footnotes":""},"categories":[9],"tags":[],"class_list":["post-17177","post","type-post","status-publish","format-standard","has-post-thumbnail","hentry","category-salud"],"jetpack_featured_media_url":"https:\/\/encuentroinformativo.com.mx\/wp-content\/uploads\/2021\/08\/2547D088-1F28-4C52-A35F-DB1A7FEE52D4.jpeg","jetpack_sharing_enabled":true,"jetpack_likes_enabled":true,"amp_enabled":true,"_links":{"self":[{"href":"https:\/\/encuentroinformativo.com.mx\/index.php?rest_route=\/wp\/v2\/posts\/17177","targetHints":{"allow":["GET"]}}],"collection":[{"href":"https:\/\/encuentroinformativo.com.mx\/index.php?rest_route=\/wp\/v2\/posts"}],"about":[{"href":"https:\/\/encuentroinformativo.com.mx\/index.php?rest_route=\/wp\/v2\/types\/post"}],"author":[{"embeddable":true,"href":"https:\/\/encuentroinformativo.com.mx\/index.php?rest_route=\/wp\/v2\/users\/1"}],"replies":[{"embeddable":true,"href":"https:\/\/encuentroinformativo.com.mx\/index.php?rest_route=%2Fwp%2Fv2%2Fcomments&post=17177"}],"version-history":[{"count":1,"href":"https:\/\/encuentroinformativo.com.mx\/index.php?rest_route=\/wp\/v2\/posts\/17177\/revisions"}],"predecessor-version":[{"id":17179,"href":"https:\/\/encuentroinformativo.com.mx\/index.php?rest_route=\/wp\/v2\/posts\/17177\/revisions\/17179"}],"wp:featuredmedia":[{"embeddable":true,"href":"https:\/\/encuentroinformativo.com.mx\/index.php?rest_route=\/wp\/v2\/media\/17178"}],"wp:attachment":[{"href":"https:\/\/encuentroinformativo.com.mx\/index.php?rest_route=%2Fwp%2Fv2%2Fmedia&parent=17177"}],"wp:term":[{"taxonomy":"category","embeddable":true,"href":"https:\/\/encuentroinformativo.com.mx\/index.php?rest_route=%2Fwp%2Fv2%2Fcategories&post=17177"},{"taxonomy":"post_tag","embeddable":true,"href":"https:\/\/encuentroinformativo.com.mx\/index.php?rest_route=%2Fwp%2Fv2%2Ftags&post=17177"}],"curies":[{"name":"wp","href":"https:\/\/api.w.org\/{rel}","templated":true}]}}