{"id":17183,"date":"2021-08-06T17:22:49","date_gmt":"2021-08-06T22:22:49","guid":{"rendered":"https:\/\/encuentroinformativo.com.mx\/?p=17183"},"modified":"2021-08-06T17:22:53","modified_gmt":"2021-08-06T22:22:53","slug":"por-semaforo-rojo-cierran-oficinas-de-pasaporte-en-boca","status":"publish","type":"post","link":"https:\/\/encuentroinformativo.com.mx\/?p=17183","title":{"rendered":"Por sem\u00e1foro rojo, cierran oficinas de pasaporte en Boca"},"content":{"rendered":"\n<p><strong>Alejandro \u00c1vila<\/strong><\/p>\n\n\n\n<p>Boca del R\u00edo, Ver.- El Ayuntamiento de Boca del R\u00edo anunci\u00f3 a trav\u00e9s de un comunicado en redes sociales, que la Oficina de Enlaces de Pasaporte en Boca del R\u00edo, misma que se ubica en el centro comercial Las Am\u00e9ricas ser\u00e1 cerrada a partir del d\u00eda 6 de agosto y hasta nuevo aviso.<\/p>\n\n\n\n<p>Esto, debido a que el municipio est\u00e1 catalogado como semaforo rojo por los contagios de COVID-19; por lo que se inform\u00f3 que las citas programadas para la pr\u00f3xima semana deber\u00e1n ser solicitadas nuevamente de la misma manera que la se ha hecho durante la pandemia.<\/p>\n\n\n\n<p>Se aclar\u00f3 que las personas que ya hayan realizado su tr\u00e1mite y requieran obtener su pasaporte de manera urgente, deber\u00e1n comunicarse a los tel\u00e9fonos 2288 128539 y 2288 128572 o acudir a las oficinas con sede en la ciudad de Xalapa.<\/p>\n\n\n\n<p>De la misma manera, en otro comunicado, se inform\u00f3 que los tr\u00e1mites municipales se realizar\u00e1n con cita telef\u00f3nica previa, a fin de evitar aglomeraciones.<\/p>\n\n\n\n<p>En cuanto a los Museos de la ciudad, el aforo permitido, solo es del 25 por ciento.<\/p>\n","protected":false},"excerpt":{"rendered":"<p>Alejandro \u00c1vila Boca del R\u00edo, Ver.- El Ayuntamiento de Boca del R\u00edo anunci\u00f3 a trav\u00e9s de un comunicado en redes sociales, que la Oficina de Enlaces de Pasaporte en Boca del R\u00edo, misma que se ubica en el centro comercial Las Am\u00e9ricas ser\u00e1 cerrada a partir del d\u00eda 6 de agosto y hasta nuevo aviso. [&hellip;]<\/p>\n","protected":false},"author":1,"featured_media":17184,"comment_status":"open","ping_status":"open","sticky":false,"template":"","format":"standard","meta":{"_jetpack_memberships_contains_paid_content":false,"footnotes":""},"categories":[2],"tags":[],"class_list":["post-17183","post","type-post","status-publish","format-standard","has-post-thumbnail","hentry","category-estado"],"jetpack_featured_media_url":"https:\/\/encuentroinformativo.com.mx\/wp-content\/uploads\/2021\/08\/DB96D8F3-D459-468A-9D9E-C2A57968F4FF.jpeg","jetpack_sharing_enabled":true,"jetpack_likes_enabled":true,"amp_enabled":true,"_links":{"self":[{"href":"https:\/\/encuentroinformativo.com.mx\/index.php?rest_route=\/wp\/v2\/posts\/17183","targetHints":{"allow":["GET"]}}],"collection":[{"href":"https:\/\/encuentroinformativo.com.mx\/index.php?rest_route=\/wp\/v2\/posts"}],"about":[{"href":"https:\/\/encuentroinformativo.com.mx\/index.php?rest_route=\/wp\/v2\/types\/post"}],"author":[{"embeddable":true,"href":"https:\/\/encuentroinformativo.com.mx\/index.php?rest_route=\/wp\/v2\/users\/1"}],"replies":[{"embeddable":true,"href":"https:\/\/encuentroinformativo.com.mx\/index.php?rest_route=%2Fwp%2Fv2%2Fcomments&post=17183"}],"version-history":[{"count":1,"href":"https:\/\/encuentroinformativo.com.mx\/index.php?rest_route=\/wp\/v2\/posts\/17183\/revisions"}],"predecessor-version":[{"id":17185,"href":"https:\/\/encuentroinformativo.com.mx\/index.php?rest_route=\/wp\/v2\/posts\/17183\/revisions\/17185"}],"wp:featuredmedia":[{"embeddable":true,"href":"https:\/\/encuentroinformativo.com.mx\/index.php?rest_route=\/wp\/v2\/media\/17184"}],"wp:attachment":[{"href":"https:\/\/encuentroinformativo.com.mx\/index.php?rest_route=%2Fwp%2Fv2%2Fmedia&parent=17183"}],"wp:term":[{"taxonomy":"category","embeddable":true,"href":"https:\/\/encuentroinformativo.com.mx\/index.php?rest_route=%2Fwp%2Fv2%2Fcategories&post=17183"},{"taxonomy":"post_tag","embeddable":true,"href":"https:\/\/encuentroinformativo.com.mx\/index.php?rest_route=%2Fwp%2Fv2%2Ftags&post=17183"}],"curies":[{"name":"wp","href":"https:\/\/api.w.org\/{rel}","templated":true}]}}