{"id":17191,"date":"2021-08-07T14:30:45","date_gmt":"2021-08-07T19:30:45","guid":{"rendered":"https:\/\/encuentroinformativo.com.mx\/?p=17191"},"modified":"2021-08-07T14:30:49","modified_gmt":"2021-08-07T19:30:49","slug":"impulsaran-proyecto-turistico-ferroviario","status":"publish","type":"post","link":"https:\/\/encuentroinformativo.com.mx\/?p=17191","title":{"rendered":"Impulsar\u00e1n proyecto tur\u00edstico ferroviario"},"content":{"rendered":"\n<p><strong>Dar\u00edo Pale<\/strong><\/p>\n\n\n\n<p>Xalapa, Ver.- As\u00ed como pusieron en marcha el catamar\u00e1n en Tlacotalpan, ahora pondr\u00e1n en marcha un proyecto tur\u00edstico y cultural similar, pero en tren, en el municipio de Camar\u00f3n de Tejeda, as\u00ed lo dio a conocer el secretario de Gobierno, Eric Cisneros Burgos.<\/p>\n\n\n\n<p>Entrevistado durante el chapeo que realiz\u00f3 en la entrada de la capital del estado se\u00f1al\u00f3 que, \u00a0se ha reunido con alcaldes electos en los municipios que presentan alg\u00fan \u00edndice de inseguridad con el fin de coordinar estrategias para disminuir los delitos.<\/p>\n\n\n\n<p>&#8220;Nos hemos reunido con algunos grupos de alcaldes, en su momento vamos a hacerlo con todos, son las regiones que se han determinado en la Mesa de la Construcci\u00f3n de la Paz, que preside todos los d\u00edas el se\u00f1or Gobernador, se han determinado como los lugares donde m\u00e1s \u00edndices de delitos hay. Son alcaldes que van a ingresar a partir del primero de enero y nos hemos estado reuniendo para trabajar en estrategias conjuntas, no solamente con el tema policial, si no tambi\u00e9n, en el desarrollo social, la integraci\u00f3n de la cultura, el deporte a todas estas regiones donde se ha presentado todav\u00eda alg\u00fan grado de violencia. Vamos a trabajar muy fuerte con ellos. Esa es la indicaci\u00f3n de nuestro gobernador&#8221;, coment\u00f3.<\/p>\n\n\n\n<p>Subray\u00f3 que la intenci\u00f3n es trabajar muy fuerte con ese primer nivel de Gobierno, muy coordinados para continuar entregando resultados.<\/p>\n\n\n\n<p>&#8220;Esperamos que cuando el Gobernador termine su mandato, en tres a\u00f1os va a entregar un Veracruz en paz, en tranquilidad, en armon\u00eda, en desarrollo y trabajando plenamente para continuar construyendo un mejor futuro para todos los veracruzanos&#8221;, se\u00f1al\u00f3.<\/p>\n\n\n\n<p>En otro orden de ideas dio a conocer que acudir\u00e1 este s\u00e1bado a Camar\u00f3n para continuar con las obras de mejoramiento urbano porque este fue el primer municipio en donde comenzaron el desarrollo de la imagen urbana de los municipios.<\/p>\n\n\n\n<p>&#8220;Estamos ah\u00ed, por indicaciones del Gobernador, trabajando un proyecto tur\u00edstico y cultural, como el que se trabaj\u00f3 en la Cuenca, pero \u00e9ste es un concepto distinto, es con el tren y las estaciones de trenes&#8221;, finaliz\u00f3.<\/p>\n","protected":false},"excerpt":{"rendered":"<p>Dar\u00edo Pale Xalapa, Ver.- As\u00ed como pusieron en marcha el catamar\u00e1n en Tlacotalpan, ahora pondr\u00e1n en marcha un proyecto tur\u00edstico y cultural similar, pero en tren, en el municipio de Camar\u00f3n de Tejeda, as\u00ed lo dio a conocer el secretario de Gobierno, Eric Cisneros Burgos. Entrevistado durante el chapeo que realiz\u00f3 en la entrada de [&hellip;]<\/p>\n","protected":false},"author":1,"featured_media":12077,"comment_status":"open","ping_status":"open","sticky":false,"template":"","format":"standard","meta":{"_jetpack_memberships_contains_paid_content":false,"footnotes":""},"categories":[2],"tags":[],"class_list":["post-17191","post","type-post","status-publish","format-standard","has-post-thumbnail","hentry","category-estado"],"jetpack_featured_media_url":"https:\/\/encuentroinformativo.com.mx\/wp-content\/uploads\/2021\/03\/007A0C37-43DF-4355-8824-A508EAA45E1E.jpeg","jetpack_sharing_enabled":true,"jetpack_likes_enabled":true,"amp_enabled":true,"_links":{"self":[{"href":"https:\/\/encuentroinformativo.com.mx\/index.php?rest_route=\/wp\/v2\/posts\/17191","targetHints":{"allow":["GET"]}}],"collection":[{"href":"https:\/\/encuentroinformativo.com.mx\/index.php?rest_route=\/wp\/v2\/posts"}],"about":[{"href":"https:\/\/encuentroinformativo.com.mx\/index.php?rest_route=\/wp\/v2\/types\/post"}],"author":[{"embeddable":true,"href":"https:\/\/encuentroinformativo.com.mx\/index.php?rest_route=\/wp\/v2\/users\/1"}],"replies":[{"embeddable":true,"href":"https:\/\/encuentroinformativo.com.mx\/index.php?rest_route=%2Fwp%2Fv2%2Fcomments&post=17191"}],"version-history":[{"count":1,"href":"https:\/\/encuentroinformativo.com.mx\/index.php?rest_route=\/wp\/v2\/posts\/17191\/revisions"}],"predecessor-version":[{"id":17192,"href":"https:\/\/encuentroinformativo.com.mx\/index.php?rest_route=\/wp\/v2\/posts\/17191\/revisions\/17192"}],"wp:featuredmedia":[{"embeddable":true,"href":"https:\/\/encuentroinformativo.com.mx\/index.php?rest_route=\/wp\/v2\/media\/12077"}],"wp:attachment":[{"href":"https:\/\/encuentroinformativo.com.mx\/index.php?rest_route=%2Fwp%2Fv2%2Fmedia&parent=17191"}],"wp:term":[{"taxonomy":"category","embeddable":true,"href":"https:\/\/encuentroinformativo.com.mx\/index.php?rest_route=%2Fwp%2Fv2%2Fcategories&post=17191"},{"taxonomy":"post_tag","embeddable":true,"href":"https:\/\/encuentroinformativo.com.mx\/index.php?rest_route=%2Fwp%2Fv2%2Ftags&post=17191"}],"curies":[{"name":"wp","href":"https:\/\/api.w.org\/{rel}","templated":true}]}}