{"id":17193,"date":"2021-08-07T16:17:52","date_gmt":"2021-08-07T21:17:52","guid":{"rendered":"https:\/\/encuentroinformativo.com.mx\/?p=17193"},"modified":"2021-08-07T16:17:56","modified_gmt":"2021-08-07T21:17:56","slug":"acusan-a-fuerza-civil-de-llevarse-a-julian-n","status":"publish","type":"post","link":"https:\/\/encuentroinformativo.com.mx\/?p=17193","title":{"rendered":"Acusan a Fuerza Civil de llevarse a Juli\u00e1n \u201cN\u201d"},"content":{"rendered":"\n<p><strong>Dar\u00edo Pale<\/strong><\/p>\n\n\n\n<p>Xalapa, Ver.- Familiares y amigos de C\u00e9sar Juli\u00e1n Herrera V\u00edquez, denunciaron que este viernes elementos de la Fuerza Civil lo privaron ilegalmente de su libertad, en la calle An\u00e1huac, esquina El Mirador, municipio de Coatepec.<\/p>\n\n\n\n<p>En conferencia de prensa realizada en conocido caf\u00e9 del centro de Xalapa, su suegro, Andr\u00e9s Cuevas Melo, expuso que un piso abajo del edificio donde se encontraba laborando, detuvieron a dos presuntos delincuentes.<\/p>\n\n\n\n<p>&#8220;Parece ser que estos delincuentes quieren escapar hacia una cancha de f\u00fatbol aleda\u00f1a y los agarran, despu\u00e9s se descubri\u00f3 que se trata de gente ligada al narcotr\u00e1fico, no s\u00e9 qui\u00e9nes sean&#8221;, se\u00f1al\u00f3.<\/p>\n\n\n\n<p>Agreg\u00f3 que les envi\u00f3 mensajes de <em>Whatsapp<\/em> para comentar lo que suced\u00eda adem\u00e1s de que realiz\u00f3 llamadas al 911, pero no asisten.<\/p>\n\n\n\n<p>Testigos que se encontraban en el lugar dieron a conocer que los elementos de la Fuerza Civil se llevaron a tres personas detenidas, por lo que presentaron las denuncias competentes ante la Fiscal\u00eda General del Estado y los buscaron en las diferentes de pendencias de seguridad pero nadie les inform\u00f3 nada.<\/p>\n\n\n\n<p>\u201cHoy no sabemos d\u00f3nde est\u00e1, nadie nos quiere decir, nadie nos ha informado, hemos visitados las instancias correspondientes y nadie nos dice qu\u00e9 est\u00e1 pasando, yo pido en\u00e9rgicamente a las autoridades, gobernador ay\u00fadenos a aclarar esto y que nos devuelvan a C\u00e9sar, \u00e9l no anda metido en malos pasos\u201d, se\u00f1al\u00f3.<\/p>\n\n\n\n<p>Dio a conocer que el desaparecido naci\u00f3 en Costa Rica tiene 11 a\u00f1os viviendo en M\u00e9xico.<\/p>\n\n\n\n<p>\u201c\u00c9l es inocente, estaba trabajando en su oficina como lo hace todos los d\u00edas, ayer nos dedicamos a hacer la denuncia en la Fiscal\u00eda, ya lo sabe Derechos Humanos, buscamos en las fiscal\u00edas y en todas nos negaron que estaban los detenidos, hoy pedimos, hacemos un llamado y una s\u00faplica que no informen a d\u00f3nde est\u00e1 C\u00e9sar Juli\u00e1n Herrera, por qu\u00e9 se lo llevaron y en qu\u00e9 condiciones est\u00e1, \u00e9l es un hombre inocente, es esposo de mi hija, padre de mis nietecitos, un hombre que se dedica a trabajar, a hacer video y producciones, no tiene nada que ver con el narcotr\u00e1fico ni con otro tipo de cosas, por error, t\u00e1ctica o lo que sea, los polic\u00edas est\u00e1n cometiendo un grav\u00edsimo error\u201d, acusaron.<\/p>\n\n\n\n<p>Acusaron que los polic\u00edas se llevaron adem\u00e1s su equipo de trabajo que tendr\u00eda un valor de m\u00e1s de un mill\u00f3n y medio de pesos como computadoras, c\u00e1maras, un dron, estabilizadores, discos duros, pantallas y televisiones.<\/p>\n\n\n\n<p>Finalmente cabe se\u00f1alar que se manifestaron en la plaza Lerdo despu\u00e9s de dar la conferencia de prensa para solicitar al Gobierno del Estado que les informen d\u00f3nde est\u00e1 y en qu\u00e9 condiciones, si es que est\u00e1 detenido, recordaron que los hechos se registraron poco despu\u00e9s de las 17:00 horas y el \u00faltimo mensaje que recibieron fue poco despu\u00e9s de las 17:35, en el municipio de Coatepec.<\/p>\n","protected":false},"excerpt":{"rendered":"<p>Dar\u00edo Pale Xalapa, Ver.- Familiares y amigos de C\u00e9sar Juli\u00e1n Herrera V\u00edquez, denunciaron que este viernes elementos de la Fuerza Civil lo privaron ilegalmente de su libertad, en la calle An\u00e1huac, esquina El Mirador, municipio de Coatepec. En conferencia de prensa realizada en conocido caf\u00e9 del centro de Xalapa, su suegro, Andr\u00e9s Cuevas Melo, expuso [&hellip;]<\/p>\n","protected":false},"author":1,"featured_media":17194,"comment_status":"open","ping_status":"open","sticky":false,"template":"","format":"standard","meta":{"_jetpack_memberships_contains_paid_content":false,"footnotes":""},"categories":[3],"tags":[],"class_list":["post-17193","post","type-post","status-publish","format-standard","has-post-thumbnail","hentry","category-xalapa"],"jetpack_featured_media_url":"https:\/\/encuentroinformativo.com.mx\/wp-content\/uploads\/2021\/08\/D22F7E4C-092D-4DD0-888E-E8400E11CF9F.jpeg","jetpack_sharing_enabled":true,"jetpack_likes_enabled":true,"amp_enabled":true,"_links":{"self":[{"href":"https:\/\/encuentroinformativo.com.mx\/index.php?rest_route=\/wp\/v2\/posts\/17193","targetHints":{"allow":["GET"]}}],"collection":[{"href":"https:\/\/encuentroinformativo.com.mx\/index.php?rest_route=\/wp\/v2\/posts"}],"about":[{"href":"https:\/\/encuentroinformativo.com.mx\/index.php?rest_route=\/wp\/v2\/types\/post"}],"author":[{"embeddable":true,"href":"https:\/\/encuentroinformativo.com.mx\/index.php?rest_route=\/wp\/v2\/users\/1"}],"replies":[{"embeddable":true,"href":"https:\/\/encuentroinformativo.com.mx\/index.php?rest_route=%2Fwp%2Fv2%2Fcomments&post=17193"}],"version-history":[{"count":1,"href":"https:\/\/encuentroinformativo.com.mx\/index.php?rest_route=\/wp\/v2\/posts\/17193\/revisions"}],"predecessor-version":[{"id":17195,"href":"https:\/\/encuentroinformativo.com.mx\/index.php?rest_route=\/wp\/v2\/posts\/17193\/revisions\/17195"}],"wp:featuredmedia":[{"embeddable":true,"href":"https:\/\/encuentroinformativo.com.mx\/index.php?rest_route=\/wp\/v2\/media\/17194"}],"wp:attachment":[{"href":"https:\/\/encuentroinformativo.com.mx\/index.php?rest_route=%2Fwp%2Fv2%2Fmedia&parent=17193"}],"wp:term":[{"taxonomy":"category","embeddable":true,"href":"https:\/\/encuentroinformativo.com.mx\/index.php?rest_route=%2Fwp%2Fv2%2Fcategories&post=17193"},{"taxonomy":"post_tag","embeddable":true,"href":"https:\/\/encuentroinformativo.com.mx\/index.php?rest_route=%2Fwp%2Fv2%2Ftags&post=17193"}],"curies":[{"name":"wp","href":"https:\/\/api.w.org\/{rel}","templated":true}]}}