{"id":17196,"date":"2021-08-08T12:17:26","date_gmt":"2021-08-08T17:17:26","guid":{"rendered":"https:\/\/encuentroinformativo.com.mx\/?p=17196"},"modified":"2021-08-08T12:17:30","modified_gmt":"2021-08-08T17:17:30","slug":"fallecio-monsenor-hipolito-reyes-larios","status":"publish","type":"post","link":"https:\/\/encuentroinformativo.com.mx\/?p=17196","title":{"rendered":"Falleci\u00f3 Monse\u00f1or Hip\u00f3lito Reyes Larios"},"content":{"rendered":"\n<p><strong>Redacci\u00f3n<\/strong><\/p>\n\n\n\n<p>Xalapa, Ver.- A trav\u00e9s de redes sociales el Vocero de la Arquidi\u00f3cesis de Xalapa, Jos\u00e9 Manuel Suazo dio a conocer la lamentable noticia del fallecimiento del Arzobispo de Xalapa, Monse\u00f1or Hip\u00f3lito Reyes Larios. <\/p>\n\n\n\n<p>\u201cLamentamos informar la triste noticia de que \u00e9sta ma\u00f1ana, a las 8:40 am, v\u00edctima de una hemorragia interna, en un hospital de la ciudad de Xalapa, falleci\u00f3 el Arzobispo de Xalapa, Mons. Hip\u00f3lito Reyes Larios. Lo encomendamos a la misericordia divina\u201d, es el mensaje que se lee.<\/p>\n\n\n\n<p>La triste noticia ha conmocionada a la feligres\u00eda xalape\u00f1a y sociedad en general ante la repentina p\u00e9rdida del ministro religioso.<\/p>\n\n\n\n<p>Apenas unas horas antes la Arquidi\u00f3cesis de Xalapa hab\u00eda emitido un comunicado alusivo al pr\u00f3ximo cumplea\u00f1os del Arzobispo Hip\u00f3lito Reyes Larios quien el pr\u00f3ximo 13 de Agosto habr\u00eda celebrado un a\u00f1o m\u00e1s de vida.<\/p>\n\n\n\n<p>Descanse en Paz. <br><\/p>\n\n\n\n<figure class=\"wp-block-image size-large\"><img loading=\"lazy\" decoding=\"async\" width=\"750\" height=\"864\" src=\"https:\/\/encuentroinformativo.com.mx\/wp-content\/uploads\/2021\/08\/0E9E64CE-9A42-4438-ACD2-655F9E800ED9.jpeg\" alt=\"\" class=\"wp-image-17197\" srcset=\"https:\/\/encuentroinformativo.com.mx\/wp-content\/uploads\/2021\/08\/0E9E64CE-9A42-4438-ACD2-655F9E800ED9.jpeg 750w, https:\/\/encuentroinformativo.com.mx\/wp-content\/uploads\/2021\/08\/0E9E64CE-9A42-4438-ACD2-655F9E800ED9-260x300.jpeg 260w\" sizes=\"auto, (max-width: 750px) 100vw, 750px\" \/><\/figure>\n\n\n\n<p><\/p>\n","protected":false},"excerpt":{"rendered":"<p>Redacci\u00f3n Xalapa, Ver.- A trav\u00e9s de redes sociales el Vocero de la Arquidi\u00f3cesis de Xalapa, Jos\u00e9 Manuel Suazo dio a conocer la lamentable noticia del fallecimiento del Arzobispo de Xalapa, Monse\u00f1or Hip\u00f3lito Reyes Larios. \u201cLamentamos informar la triste noticia de que \u00e9sta ma\u00f1ana, a las 8:40 am, v\u00edctima de una hemorragia interna, en un hospital [&hellip;]<\/p>\n","protected":false},"author":1,"featured_media":1097,"comment_status":"open","ping_status":"open","sticky":false,"template":"","format":"standard","meta":{"_jetpack_memberships_contains_paid_content":false,"footnotes":""},"categories":[3],"tags":[],"class_list":["post-17196","post","type-post","status-publish","format-standard","has-post-thumbnail","hentry","category-xalapa"],"jetpack_featured_media_url":"https:\/\/encuentroinformativo.com.mx\/wp-content\/uploads\/2020\/03\/880BE640-64F1-4D46-B4AB-70AE4BF7871B.jpeg","jetpack_sharing_enabled":true,"jetpack_likes_enabled":true,"amp_enabled":true,"_links":{"self":[{"href":"https:\/\/encuentroinformativo.com.mx\/index.php?rest_route=\/wp\/v2\/posts\/17196","targetHints":{"allow":["GET"]}}],"collection":[{"href":"https:\/\/encuentroinformativo.com.mx\/index.php?rest_route=\/wp\/v2\/posts"}],"about":[{"href":"https:\/\/encuentroinformativo.com.mx\/index.php?rest_route=\/wp\/v2\/types\/post"}],"author":[{"embeddable":true,"href":"https:\/\/encuentroinformativo.com.mx\/index.php?rest_route=\/wp\/v2\/users\/1"}],"replies":[{"embeddable":true,"href":"https:\/\/encuentroinformativo.com.mx\/index.php?rest_route=%2Fwp%2Fv2%2Fcomments&post=17196"}],"version-history":[{"count":1,"href":"https:\/\/encuentroinformativo.com.mx\/index.php?rest_route=\/wp\/v2\/posts\/17196\/revisions"}],"predecessor-version":[{"id":17198,"href":"https:\/\/encuentroinformativo.com.mx\/index.php?rest_route=\/wp\/v2\/posts\/17196\/revisions\/17198"}],"wp:featuredmedia":[{"embeddable":true,"href":"https:\/\/encuentroinformativo.com.mx\/index.php?rest_route=\/wp\/v2\/media\/1097"}],"wp:attachment":[{"href":"https:\/\/encuentroinformativo.com.mx\/index.php?rest_route=%2Fwp%2Fv2%2Fmedia&parent=17196"}],"wp:term":[{"taxonomy":"category","embeddable":true,"href":"https:\/\/encuentroinformativo.com.mx\/index.php?rest_route=%2Fwp%2Fv2%2Fcategories&post=17196"},{"taxonomy":"post_tag","embeddable":true,"href":"https:\/\/encuentroinformativo.com.mx\/index.php?rest_route=%2Fwp%2Fv2%2Ftags&post=17196"}],"curies":[{"name":"wp","href":"https:\/\/api.w.org\/{rel}","templated":true}]}}