{"id":17199,"date":"2021-08-08T14:57:27","date_gmt":"2021-08-08T19:57:27","guid":{"rendered":"https:\/\/encuentroinformativo.com.mx\/?p=17199"},"modified":"2021-08-08T14:57:31","modified_gmt":"2021-08-08T19:57:31","slug":"arzobispo-sera-velado-en-la-catedral","status":"publish","type":"post","link":"https:\/\/encuentroinformativo.com.mx\/?p=17199","title":{"rendered":"Arzobispo ser\u00e1 velado en la Catedral"},"content":{"rendered":"\n<p><strong>Juan Arcos<\/strong> <\/p>\n\n\n\n<p>Xalapa, Ver.- El cuerpo del Arzobispo de Xalapa, Hip\u00f3lito Reyes Larios, ser\u00e1 velado en la Catedral Metropolitana, donde ser\u00e1 sepultado durante el lunes 9 de agosto, despu\u00e9s de la misa exequial, programada para las 13:00 horas.<\/p>\n\n\n\n<p>De acuerdo con el director general de Asuntos Religiosos del gobierno estatal, Sergio Ulises Montes Guzm\u00e1n, el cortejo f\u00fanebre llegar\u00e1 a la parroquia entre las 14:00 y 16:00 horas de este domingo, donde ser\u00e1 velado hasta el d\u00eda de ma\u00f1ana.<\/p>\n\n\n\n<p>El funcionario estatal detall\u00f3 que, despu\u00e9s de la misa de cuerpo presente, se llevar\u00e1 a cabo el sepulcro, como parte de un protocolo cat\u00f3lico para que los restos de autoridades eclesi\u00e1sticas queden al interior del recinto religioso.<\/p>\n\n\n\n<p>La celebraci\u00f3n estar\u00e1 a cargo del p\u00e1rroco de Catedral, Roberto Reyes Anaya, donde habr\u00e1 restricciones sanitarias, debido a que Xalapa se encuentra en sem\u00e1foro epidemiol\u00f3gico regional color rojo, de riesgo m\u00e1ximo de contagio por SARS-COV-2 (COVID-19).<\/p>\n\n\n\n<p>Cabe recordar que el vocero de la Arquidi\u00f3cesis de Xalapa, Jos\u00e9 Manuel Suazo Reyes, confirm\u00f3 el fallecimiento del Arzobispo este domingo a las 8:40 horas, a causa de una hemorragia interna.<\/p>\n\n\n\n<p>Montes Guzm\u00e1n enfatiz\u00f3 que el acceso de feligreses al recinto religioso ser\u00e1 controlado, para garantizar un aforo del 25 por ciento y as\u00ed evitar la propagaci\u00f3n de la enfermedad.<\/p>\n\n\n\n<p>\u201cHemos estado trabajando ahorita, vengo de platicar con el p\u00e1rroco de Catedral, con el padre Roberto Reyes, para coordinarnos en ese sentido, se tienen que realizar obviamente las exequias pero con todos los controles sanitarios posibles\u201d, expres\u00f3.<\/p>\n\n\n\n<p>El Director General de Asuntos Religiosos asegur\u00f3 que la Iglesia Cat\u00f3lica ha sido responsable en acatar las recomendaciones sanitarias, para evitar contagios en las parroquias.<\/p>\n","protected":false},"excerpt":{"rendered":"<p>Juan Arcos Xalapa, Ver.- El cuerpo del Arzobispo de Xalapa, Hip\u00f3lito Reyes Larios, ser\u00e1 velado en la Catedral Metropolitana, donde ser\u00e1 sepultado durante el lunes 9 de agosto, despu\u00e9s de la misa exequial, programada para las 13:00 horas. De acuerdo con el director general de Asuntos Religiosos del gobierno estatal, Sergio Ulises Montes Guzm\u00e1n, el [&hellip;]<\/p>\n","protected":false},"author":1,"featured_media":1382,"comment_status":"open","ping_status":"open","sticky":false,"template":"","format":"standard","meta":{"_jetpack_memberships_contains_paid_content":false,"footnotes":""},"categories":[3],"tags":[],"class_list":["post-17199","post","type-post","status-publish","format-standard","has-post-thumbnail","hentry","category-xalapa"],"jetpack_featured_media_url":"https:\/\/encuentroinformativo.com.mx\/wp-content\/uploads\/2020\/03\/A2896524-141E-4DE1-B2D7-7C2B8ACBD2DC.jpeg","jetpack_sharing_enabled":true,"jetpack_likes_enabled":true,"amp_enabled":true,"_links":{"self":[{"href":"https:\/\/encuentroinformativo.com.mx\/index.php?rest_route=\/wp\/v2\/posts\/17199","targetHints":{"allow":["GET"]}}],"collection":[{"href":"https:\/\/encuentroinformativo.com.mx\/index.php?rest_route=\/wp\/v2\/posts"}],"about":[{"href":"https:\/\/encuentroinformativo.com.mx\/index.php?rest_route=\/wp\/v2\/types\/post"}],"author":[{"embeddable":true,"href":"https:\/\/encuentroinformativo.com.mx\/index.php?rest_route=\/wp\/v2\/users\/1"}],"replies":[{"embeddable":true,"href":"https:\/\/encuentroinformativo.com.mx\/index.php?rest_route=%2Fwp%2Fv2%2Fcomments&post=17199"}],"version-history":[{"count":1,"href":"https:\/\/encuentroinformativo.com.mx\/index.php?rest_route=\/wp\/v2\/posts\/17199\/revisions"}],"predecessor-version":[{"id":17200,"href":"https:\/\/encuentroinformativo.com.mx\/index.php?rest_route=\/wp\/v2\/posts\/17199\/revisions\/17200"}],"wp:featuredmedia":[{"embeddable":true,"href":"https:\/\/encuentroinformativo.com.mx\/index.php?rest_route=\/wp\/v2\/media\/1382"}],"wp:attachment":[{"href":"https:\/\/encuentroinformativo.com.mx\/index.php?rest_route=%2Fwp%2Fv2%2Fmedia&parent=17199"}],"wp:term":[{"taxonomy":"category","embeddable":true,"href":"https:\/\/encuentroinformativo.com.mx\/index.php?rest_route=%2Fwp%2Fv2%2Fcategories&post=17199"},{"taxonomy":"post_tag","embeddable":true,"href":"https:\/\/encuentroinformativo.com.mx\/index.php?rest_route=%2Fwp%2Fv2%2Ftags&post=17199"}],"curies":[{"name":"wp","href":"https:\/\/api.w.org\/{rel}","templated":true}]}}