{"id":17201,"date":"2021-08-08T16:34:53","date_gmt":"2021-08-08T21:34:53","guid":{"rendered":"https:\/\/encuentroinformativo.com.mx\/?p=17201"},"modified":"2021-08-08T16:34:57","modified_gmt":"2021-08-08T21:34:57","slug":"veracruz-donde-mas-campesinos-han-fallecido-por-covid","status":"publish","type":"post","link":"https:\/\/encuentroinformativo.com.mx\/?p=17201","title":{"rendered":"Veracruz, donde m\u00e1s campesinos han fallecido por Covid"},"content":{"rendered":"\n<p><strong>Juan Arcos<\/strong><\/p>\n\n\n\n<p>Xalapa, Ver.- Veracruz es uno de los estados de la Rep\u00fablica Mexicana donde han fallecido m\u00e1s campesinos a causa del SARS-COV-2 (COVID-19).<\/p>\n\n\n\n<p>As\u00ed lo dio a conocer Alfonso Garz\u00f3n Mart\u00ednez, presidente del Consejo Nacional de Sociedades y Unidades de Campesinos y Colonos (Consucc), quien a\u00f1adi\u00f3 que el problema es grave, debido a que el gobierno estatal y federal no ha aportado recursos para atender a dicho sector de la poblaci\u00f3n.<\/p>\n\n\n\n<p>\u201cNosotros como organizaci\u00f3n, en varios estados, hemos hecho apoyos a trav\u00e9s de donaciones de medicamentos, atenci\u00f3n m\u00e9dica gratuita, servicios funerarios de bajo costo, para apoyar a nuestros compa\u00f1eros que se han visto afectados por la pandemia\u201d.<\/p>\n\n\n\n<p>El l\u00edder campesino se\u00f1al\u00f3 que las defunciones por coronavirus son dif\u00edcil de cuantificar, debido a la magnitud del problema.<\/p>\n\n\n\n<p>\u201cNuestro l\u00edder Nacional falleci\u00f3 en el mes de enero, yo asum\u00ed la dirigencia nacional a partir de febrero. El movimiento campesino ha perdido innumerables liderazgos importantes, imag\u00ednense en las comunidades rurales c\u00f3mo ha se ha vivido esta situaci\u00f3n\u201d.<\/p>\n\n\n\n<p>Garz\u00f3n Mart\u00ednez enfatiz\u00f3 que en zonas rurales la situaci\u00f3n por COVID-19 es m\u00e1s complicada por la falta de m\u00e9dicos, hospitales, medicamentos ni presupuesto en materia de salud.<\/p>\n\n\n\n<p>\u201cHay algunos estados donde la situaci\u00f3n se est\u00e1 viendo muy complicada, en Colima estuve hace cerca de un mes. Veracruz tambi\u00e9n, muchas regiones del estado est\u00e1n viviendo eso\u201d.<\/p>\n\n\n\n<p>Finalmente, acus\u00f3 que los gobiernos municipales carecen de recursos econ\u00f3micos para atender el problema, debido a que los utilizaron para el pasado proceso electoral.<\/p>\n","protected":false},"excerpt":{"rendered":"<p>Juan Arcos Xalapa, Ver.- Veracruz es uno de los estados de la Rep\u00fablica Mexicana donde han fallecido m\u00e1s campesinos a causa del SARS-COV-2 (COVID-19). As\u00ed lo dio a conocer Alfonso Garz\u00f3n Mart\u00ednez, presidente del Consejo Nacional de Sociedades y Unidades de Campesinos y Colonos (Consucc), quien a\u00f1adi\u00f3 que el problema es grave, debido a que [&hellip;]<\/p>\n","protected":false},"author":1,"featured_media":17202,"comment_status":"open","ping_status":"open","sticky":false,"template":"","format":"standard","meta":{"_jetpack_memberships_contains_paid_content":false,"footnotes":""},"categories":[2],"tags":[],"class_list":["post-17201","post","type-post","status-publish","format-standard","has-post-thumbnail","hentry","category-estado"],"jetpack_featured_media_url":"https:\/\/encuentroinformativo.com.mx\/wp-content\/uploads\/2021\/08\/111758DE-D148-4163-ACCB-D9E381A912DE.jpeg","jetpack_sharing_enabled":true,"jetpack_likes_enabled":true,"amp_enabled":true,"_links":{"self":[{"href":"https:\/\/encuentroinformativo.com.mx\/index.php?rest_route=\/wp\/v2\/posts\/17201","targetHints":{"allow":["GET"]}}],"collection":[{"href":"https:\/\/encuentroinformativo.com.mx\/index.php?rest_route=\/wp\/v2\/posts"}],"about":[{"href":"https:\/\/encuentroinformativo.com.mx\/index.php?rest_route=\/wp\/v2\/types\/post"}],"author":[{"embeddable":true,"href":"https:\/\/encuentroinformativo.com.mx\/index.php?rest_route=\/wp\/v2\/users\/1"}],"replies":[{"embeddable":true,"href":"https:\/\/encuentroinformativo.com.mx\/index.php?rest_route=%2Fwp%2Fv2%2Fcomments&post=17201"}],"version-history":[{"count":1,"href":"https:\/\/encuentroinformativo.com.mx\/index.php?rest_route=\/wp\/v2\/posts\/17201\/revisions"}],"predecessor-version":[{"id":17203,"href":"https:\/\/encuentroinformativo.com.mx\/index.php?rest_route=\/wp\/v2\/posts\/17201\/revisions\/17203"}],"wp:featuredmedia":[{"embeddable":true,"href":"https:\/\/encuentroinformativo.com.mx\/index.php?rest_route=\/wp\/v2\/media\/17202"}],"wp:attachment":[{"href":"https:\/\/encuentroinformativo.com.mx\/index.php?rest_route=%2Fwp%2Fv2%2Fmedia&parent=17201"}],"wp:term":[{"taxonomy":"category","embeddable":true,"href":"https:\/\/encuentroinformativo.com.mx\/index.php?rest_route=%2Fwp%2Fv2%2Fcategories&post=17201"},{"taxonomy":"post_tag","embeddable":true,"href":"https:\/\/encuentroinformativo.com.mx\/index.php?rest_route=%2Fwp%2Fv2%2Ftags&post=17201"}],"curies":[{"name":"wp","href":"https:\/\/api.w.org\/{rel}","templated":true}]}}