{"id":17210,"date":"2021-08-09T09:09:46","date_gmt":"2021-08-09T14:09:46","guid":{"rendered":"https:\/\/encuentroinformativo.com.mx\/?p=17210"},"modified":"2021-08-09T09:09:50","modified_gmt":"2021-08-09T14:09:50","slug":"mujeres-mas-pobres","status":"publish","type":"post","link":"https:\/\/encuentroinformativo.com.mx\/?p=17210","title":{"rendered":"Mujeres m\u00e1s pobres"},"content":{"rendered":"\n<p><strong>N\u00fameros Rojos<\/strong><\/p>\n\n\n\n<p><strong>Brenda Caballero<\/strong><\/p>\n\n\n\n<p>\u00bfConoce alguna mujer o ni\u00f1a violentada? \u00bfConoci\u00f3 o escuch\u00f3 el caso de alguna mujer asesinada? \u00bfSupo de alguna mujer que con la pandemia se qued\u00f3 sin empleo o le disminuyeron su salario? \u00bfLe han comentado o se ha dado cuenta que perdi\u00f3 poder adquisitivo al comprar la despensa de la casa?&nbsp;<\/p>\n\n\n\n<p>Si respondi\u00f3 afirmativamente a las preguntas anteriores, es porque esta pandemia ha afectado a toda la poblaci\u00f3n, pero principalmente a las mujeres.&nbsp;<\/p>\n\n\n\n<p>Contrario a lo que se pueda pensar, a nosotras la pandemia no nos cay\u00f3 como anillo al dedo, sino todo lo contrario. Hay m\u00e1s mujeres violentadas y m\u00e1s pobres.<\/p>\n\n\n\n<p>As\u00ed lo muestran los hechos cotidianos, pero tambi\u00e9n los datos lo confirman, como los recientemente dados a conocer por el Consejo Nacional de Evaluaci\u00f3n de la Pol\u00edtica de Desarrollo Social (Coneval).<\/p>\n\n\n\n<p>Entre 2018 y 2020, la pobreza en M\u00e9xico tiene un mayor impacto en las mujeres, ya que 8 de cada 10 viven bajo alg\u00fan grado de pobreza o son vulnerables por sus ingresos que perciben o por las carencias sociales que padecen.<\/p>\n\n\n\n<p>Recordemos que la pobreza de acuerdo a la Coneval es aquella persona que tiene al menos una carencia social de los 6 indicadores medidos (rezago educativo, acceso a servicios de salud,&nbsp; acceso a la seguridad social, calidad y espacios de la vivienda, servicios b\u00e1sicos en la vivienda y acceso a la alimentaci\u00f3n) adem\u00e1s de que su ingreso es insuficiente para satisfacer sus necesidades alimentarias y no alimentarias.<\/p>\n\n\n\n<p>De acuerdo a los \u00faltimos datos del Censo Nacional de Poblaci\u00f3n 2020, en M\u00e9xico hay 65.5 millones de mujeres de las cuales 50 millones est\u00e1n en pobreza o&nbsp; riesgo de ella, es decir, el 76 por ciento, tan solo 15.5 millones est\u00e1n libres de experimentarla.<\/p>\n\n\n\n<p>En una columna de Ana Karen Garc\u00eda, analista de Indicadores Macroecon\u00f3micos y de Desarrollo Social, publicada el fin de semana por el Diario El Economista se presenta una infograf\u00eda de la integraci\u00f3n de ese 76 por ciento: el 8 por ciento corresponde a mujeres en pobreza extrema, 36 por ciento, a pobreza moderada; 23 por ciento corresponde a mujeres vulnerables por carencias; un 9 por ciento, de mujeres vulnerables por ingresos y 24 por ciento correspondiente a mujeres no pobres y no vulnerables.<\/p>\n\n\n\n<p>Si usted que me lee es mujer \u00bfsabe si est\u00e1 dentro de ese 76 por ciento? O si es hombre, \u00bfpuede identificar alguna mujer de acuerdo a lo siguiente?<\/p>\n\n\n\n<p>Las Mujeres en Pobreza Extrema (8%) tienen 3 o m\u00e1s de los 6 indicadores mencionados arriba. Tienen alta probabilidad de no saber leer ni escribir, no cuentan con servicios de salud si se enferman, no pueden acceder a la seguridad social, viven en hacinamiento, les faltan servicios b\u00e1sicos en su vivienda como agua, luz, internet, adem\u00e1s de que no tienen ingresos, o \u00e9ste es tan bajo que si lo gastaran todo en alimentos, no podr\u00edan adquirir los nutrientes necesarios para tener una vida sana, es decir no pueden comprar la canasta b\u00e1sica alimentaria.<\/p>\n\n\n\n<p>Mujeres en pobreza moderada (36%) son aquellas que siendo pobres no se encuentran en pobreza extrema. En este grupo las mujeres pueden comprar la canasta b\u00e1sica, pero pueden tener hasta 2 carencias sociales.<\/p>\n\n\n\n<p>Mujeres Vulnerables por carencias (23%) son aquellas que tienen carencias sociales (rezago educativo, acceso a servicios de salud,&nbsp; acceso a la seguridad social, calidad y espacios de la vivienda, servicios b\u00e1sicos en la vivienda y acceso a la alimentaci\u00f3n), pero cuyo ingreso es superior a la l\u00ednea del bienestar, siendo \u00e9sta el valor monetario de una canasta de alimentos,&nbsp; bienes y servicios b\u00e1sicos.<\/p>\n\n\n\n<p>Mujeres Vulnerables por ingresos (9%) Son aquellas que no presentan carencias sociales, pero cuyo ingreso es inferior o igual a la l\u00ednea de bienestar.<\/p>\n\n\n\n<p>Las Mujeres no Pobres y No Vulnerables (24%) no tienen carencias sociales ni tampoco son vulnerables, ya que tienen un ingreso que les permite solventarlos.<\/p>\n\n\n\n<p>Con la pandemia, aparte de abrir la brecha de g\u00e9nero entre hombres y mujeres, se ha demostrado que las mujeres son m\u00e1s vulnerables, pues los hogares que tienen m\u00e1s mujeres o que son jefas de familia presentan una mayor pobreza que los que tienen un jefe var\u00f3n.<\/p>\n\n\n\n<p>Sin duda puede hacer el ejercicio para ver en qu\u00e9 grupo est\u00e1. Por lo pronto a m\u00ed ya me gener\u00f3 la duda de saber si soy una mujer que est\u00e1 en pobreza moderada o ser una mujer vulnerable por carencias.<\/p>\n\n\n\n<p>Aunque si fuera vulnerable por carencias, estar\u00eda a un paso de caer en pobreza moderada. \u00a1Y yo que me cre\u00eda clase media!<\/p>\n\n\n\n<p>@NumerosRojos_BC<\/p>\n\n\n\n<p><a href=\"mailto:caballero_brenda@hotmail.com\" target=\"_blank\" rel=\"noreferrer noopener\">caballero_brenda@hotmail.com<\/a><\/p>\n","protected":false},"excerpt":{"rendered":"<p>N\u00fameros Rojos Brenda Caballero \u00bfConoce alguna mujer o ni\u00f1a violentada? \u00bfConoci\u00f3 o escuch\u00f3 el caso de alguna mujer asesinada? \u00bfSupo de alguna mujer que con la pandemia se qued\u00f3 sin empleo o le disminuyeron su salario? \u00bfLe han comentado o se ha dado cuenta que perdi\u00f3 poder adquisitivo al comprar la despensa de la casa?&nbsp; [&hellip;]<\/p>\n","protected":false},"author":1,"featured_media":387,"comment_status":"open","ping_status":"open","sticky":false,"template":"","format":"standard","meta":{"_jetpack_memberships_contains_paid_content":false,"footnotes":""},"categories":[11],"tags":[],"class_list":["post-17210","post","type-post","status-publish","format-standard","has-post-thumbnail","hentry","category-opinion"],"jetpack_featured_media_url":"https:\/\/encuentroinformativo.com.mx\/wp-content\/uploads\/2020\/03\/7CF8A22B-2764-47BE-8F7F-38FE9E5D6A2F.jpeg","jetpack_sharing_enabled":true,"jetpack_likes_enabled":true,"amp_enabled":true,"_links":{"self":[{"href":"https:\/\/encuentroinformativo.com.mx\/index.php?rest_route=\/wp\/v2\/posts\/17210","targetHints":{"allow":["GET"]}}],"collection":[{"href":"https:\/\/encuentroinformativo.com.mx\/index.php?rest_route=\/wp\/v2\/posts"}],"about":[{"href":"https:\/\/encuentroinformativo.com.mx\/index.php?rest_route=\/wp\/v2\/types\/post"}],"author":[{"embeddable":true,"href":"https:\/\/encuentroinformativo.com.mx\/index.php?rest_route=\/wp\/v2\/users\/1"}],"replies":[{"embeddable":true,"href":"https:\/\/encuentroinformativo.com.mx\/index.php?rest_route=%2Fwp%2Fv2%2Fcomments&post=17210"}],"version-history":[{"count":1,"href":"https:\/\/encuentroinformativo.com.mx\/index.php?rest_route=\/wp\/v2\/posts\/17210\/revisions"}],"predecessor-version":[{"id":17211,"href":"https:\/\/encuentroinformativo.com.mx\/index.php?rest_route=\/wp\/v2\/posts\/17210\/revisions\/17211"}],"wp:featuredmedia":[{"embeddable":true,"href":"https:\/\/encuentroinformativo.com.mx\/index.php?rest_route=\/wp\/v2\/media\/387"}],"wp:attachment":[{"href":"https:\/\/encuentroinformativo.com.mx\/index.php?rest_route=%2Fwp%2Fv2%2Fmedia&parent=17210"}],"wp:term":[{"taxonomy":"category","embeddable":true,"href":"https:\/\/encuentroinformativo.com.mx\/index.php?rest_route=%2Fwp%2Fv2%2Fcategories&post=17210"},{"taxonomy":"post_tag","embeddable":true,"href":"https:\/\/encuentroinformativo.com.mx\/index.php?rest_route=%2Fwp%2Fv2%2Ftags&post=17210"}],"curies":[{"name":"wp","href":"https:\/\/api.w.org\/{rel}","templated":true}]}}