{"id":17212,"date":"2021-08-09T09:15:34","date_gmt":"2021-08-09T14:15:34","guid":{"rendered":"https:\/\/encuentroinformativo.com.mx\/?p=17212"},"modified":"2021-08-09T09:15:37","modified_gmt":"2021-08-09T14:15:37","slug":"padres-covid-y-clases","status":"publish","type":"post","link":"https:\/\/encuentroinformativo.com.mx\/?p=17212","title":{"rendered":"Padres, Covid y clases"},"content":{"rendered":"\n<p><strong>Los Pol\u00edticos<\/strong>\u00a0<\/p>\n\n\n\n<p><strong>Salvador Mu\u00f1oz<\/strong><\/p>\n\n\n\n<p>Me dice la se\u00f1ora que su hijo ha estado en casa durante a\u00f1o y medio. Tiene tres a\u00f1os. Es decir que dej\u00f3 de ir a la Guarder\u00eda y por ende, tampoco conoce el preescolar. Son dieciocho meses que no tuvo contacto con otros ni\u00f1os de su edad. No convive con otros ni\u00f1os porque los que hay, son m\u00e1s grandes que \u00e9l, me asegura su madre, mientras pasean en el parque. En cuanto ve a Nina y Lucky, el peque\u00f1o dibuja una sonrisa nerviosa que se puede adivinar por debajo de su cubrebocas y lanza grititos sin que atine a c\u00f3mo reflejar esa emoci\u00f3n en mis canes: estira la mano pero la retira con nerviosismo\u2026 entonces estira la pierna a manera de buscar el contacto con ellos. Apenas habla. La se\u00f1ora dice que s\u00f3lo trata con ella y su padre, pero tiene dudas en torno al regreso a clases.<\/p>\n\n\n\n<p>Con el inicio de la pandemia, a\u00f1os y medio, \u00bfcu\u00e1ntos ni\u00f1os como el peque\u00f1o del que les hablo, han crecido en aislamiento y qu\u00e9 tanto pudo afectar a lo que hoy es uno de los temas a tratar durante la \u00e9poca Covid: la salud mental?<\/p>\n\n\n\n<p><strong>II<\/strong><\/p>\n\n\n\n<p>\u201cEn la casa\u201d\u2026 es la respuesta de la se\u00f1ora cuando pregunto por su peque\u00f1a, la que habitualmente siempre la acompa\u00f1aba\u2026 \u00a1hasta que empez\u00f3 la pandemia! Me cuenta que ya va a entrar a la secundaria, pero tiene dudas\u2026 no, corrijo: m\u00e1s bien \u201ctienen\u201d dudas.<\/p>\n\n\n\n<p>Su hija no quiere salir a la calle. Cualquiera puede decir que eso es bueno, pero no quiere salir \u201cpor miedo\u201d que puede sonar muy distinto a que sea por motivos de prevenci\u00f3n o salud. Tiene miedo a enfermarse.<\/p>\n\n\n\n<p>Ella, maestra de preescolar, le entusiasma que su hija pase a Secundaria, como a cualquier madre o padre de familia, pero hoy tiene la certeza de algo: si no cambia el sem\u00e1foro, nom\u00e1s no regresa a clases su hija. \u201cNo voy a firmar ninguna responsiva\u201d, me enfatiza.<\/p>\n\n\n\n<p>En el sindicato hay silencio. No les ha dicho nada aunque sabe que si tienen que regresar a clases presenciales, deben llegar dos semanas antes, m\u00ednimo, que por los cursos o porque hay que checar el inmobiliario y el plan de estudios.<\/p>\n\n\n\n<p><strong>IV<\/strong><\/p>\n\n\n\n<p>Trabaja en un \u00e1rea de Salud. Lo ins\u00f3lito, encontrarse un d\u00eda con un ni\u00f1o de un a\u00f1o de edad, enfermo de Covid\u2026 pens\u00f3 que la sorpresa de recibir personas arriba de 40 a\u00f1os con Covid que se supon\u00eda ya est\u00e1n vacunadas no pod\u00eda superarse\u2026 se equivoc\u00f3.<\/p>\n\n\n\n<p>Con hijos en la escuela, sabe lo que implica el mantenimiento de un plantel educativo al ser miembro de la sociedad de padres de familia en diversas ocasiones y grados escolares\u2026 la mayor parte de los recursos salen de los padres. \u00bfel regreso a clases? \u00a1para nada! Es m\u00e1s, considera que volver a la escuela implica muchas cosas, como por ejemplo, el hecho de que no todos los ni\u00f1os llegan en carro propio al plantel\u2026 usan transporte p\u00fablico. Adem\u00e1s de que el regreso a clases implicar\u00eda la reactivaci\u00f3n del resto de la sociedad\u2026 entonces, piense en ese bus de ni\u00f1os, j\u00f3venes, adultos con una pandemia que no para y con un virus que muta.<\/p>\n\n\n\n<p><strong>V<\/strong><\/p>\n\n\n\n<p>\u201c\u00bfRegreso a clases? Tengo dos opciones\u201d, me dice un padre de familia. \u201cO busco una escuela privada que le d\u00e9 clases a distancia o m\u00e1s f\u00e1cil: \u00a1que pierda el a\u00f1o! \u00bfPerder el a\u00f1o? Depende\u2026 la tecnolog\u00eda te permite tener conocimiento al alcance de un teclado. Aprender podr\u00eda estar supeditada a disciplina y horarios en caso de que no regrese a clases presenciales\u201d, pero algo tiene seguro ese pap\u00e1: no pondr\u00e1 en riesgo a su hijo cuando la l\u00f3gica y\/o la realidad te dicen que no es momento de volver a clases.<\/p>\n\n\n\n<p><a href=\"mailto:smcainito@gmail.com\" target=\"_blank\" rel=\"noreferrer noopener\">smcainito@gmail.com<\/a><\/p>\n","protected":false},"excerpt":{"rendered":"<p>Los Pol\u00edticos\u00a0 Salvador Mu\u00f1oz Me dice la se\u00f1ora que su hijo ha estado en casa durante a\u00f1o y medio. Tiene tres a\u00f1os. Es decir que dej\u00f3 de ir a la Guarder\u00eda y por ende, tampoco conoce el preescolar. Son dieciocho meses que no tuvo contacto con otros ni\u00f1os de su edad. No convive con otros [&hellip;]<\/p>\n","protected":false},"author":1,"featured_media":387,"comment_status":"open","ping_status":"open","sticky":false,"template":"","format":"standard","meta":{"_jetpack_memberships_contains_paid_content":false,"footnotes":""},"categories":[11],"tags":[],"class_list":["post-17212","post","type-post","status-publish","format-standard","has-post-thumbnail","hentry","category-opinion"],"jetpack_featured_media_url":"https:\/\/encuentroinformativo.com.mx\/wp-content\/uploads\/2020\/03\/7CF8A22B-2764-47BE-8F7F-38FE9E5D6A2F.jpeg","jetpack_sharing_enabled":true,"jetpack_likes_enabled":true,"amp_enabled":true,"_links":{"self":[{"href":"https:\/\/encuentroinformativo.com.mx\/index.php?rest_route=\/wp\/v2\/posts\/17212","targetHints":{"allow":["GET"]}}],"collection":[{"href":"https:\/\/encuentroinformativo.com.mx\/index.php?rest_route=\/wp\/v2\/posts"}],"about":[{"href":"https:\/\/encuentroinformativo.com.mx\/index.php?rest_route=\/wp\/v2\/types\/post"}],"author":[{"embeddable":true,"href":"https:\/\/encuentroinformativo.com.mx\/index.php?rest_route=\/wp\/v2\/users\/1"}],"replies":[{"embeddable":true,"href":"https:\/\/encuentroinformativo.com.mx\/index.php?rest_route=%2Fwp%2Fv2%2Fcomments&post=17212"}],"version-history":[{"count":1,"href":"https:\/\/encuentroinformativo.com.mx\/index.php?rest_route=\/wp\/v2\/posts\/17212\/revisions"}],"predecessor-version":[{"id":17213,"href":"https:\/\/encuentroinformativo.com.mx\/index.php?rest_route=\/wp\/v2\/posts\/17212\/revisions\/17213"}],"wp:featuredmedia":[{"embeddable":true,"href":"https:\/\/encuentroinformativo.com.mx\/index.php?rest_route=\/wp\/v2\/media\/387"}],"wp:attachment":[{"href":"https:\/\/encuentroinformativo.com.mx\/index.php?rest_route=%2Fwp%2Fv2%2Fmedia&parent=17212"}],"wp:term":[{"taxonomy":"category","embeddable":true,"href":"https:\/\/encuentroinformativo.com.mx\/index.php?rest_route=%2Fwp%2Fv2%2Fcategories&post=17212"},{"taxonomy":"post_tag","embeddable":true,"href":"https:\/\/encuentroinformativo.com.mx\/index.php?rest_route=%2Fwp%2Fv2%2Ftags&post=17212"}],"curies":[{"name":"wp","href":"https:\/\/api.w.org\/{rel}","templated":true}]}}